{"viewingHint":"paged","service":[],"structures":[],"sequences":[{"canvases":[{"height":1341,"width":1696,"images":[{"resource":{"service":{"profile":"http://iiif.io/api/image/2/level2.json","@context":"http://iiif.io/api/image/2/context.json","@id":"https://digisam.ub.uni-giessen.de/i3f/v20/6126038"},"format":"image/jpeg","height":790,"width":1000,"@id":"https://digisam.ub.uni-giessen.de/download/webcache/1000/6126038","@type":"dctypes:Image"},"on":"https://digisam.ub.uni-giessen.de/i3f/v20/6126037/canvas/6126038","motivation":"sc:painting","@id":"https://digisam.ub.uni-giessen.de/i3f/v20/6126037/annotation/6126038","@type":"oa:Annotation"}],"label":"[1]","@id":"https://digisam.ub.uni-giessen.de/i3f/v20/6126037/canvas/6126038","@type":"sc:Canvas"},{"height":1355,"width":1699,"images":[{"resource":{"service":{"profile":"http://iiif.io/api/image/2/level2.json","@context":"http://iiif.io/api/image/2/context.json","@id":"https://digisam.ub.uni-giessen.de/i3f/v20/6126039"},"format":"image/jpeg","height":797,"width":1000,"@id":"https://digisam.ub.uni-giessen.de/download/webcache/1000/6126039","@type":"dctypes:Image"},"on":"https://digisam.ub.uni-giessen.de/i3f/v20/6126037/canvas/6126039","motivation":"sc:painting","@id":"https://digisam.ub.uni-giessen.de/i3f/v20/6126037/annotation/6126039","@type":"oa:Annotation"}],"label":"[2]","@id":"https://digisam.ub.uni-giessen.de/i3f/v20/6126037/canvas/6126039","@type":"sc:Canvas"},{"height":1280,"width":1629,"images":[{"resource":{"service":{"profile":"http://iiif.io/api/image/2/level2.json","@context":"http://iiif.io/api/image/2/context.json","@id":"https://digisam.ub.uni-giessen.de/i3f/v20/6126040"},"format":"image/jpeg","height":785,"width":1000,"@id":"https://digisam.ub.uni-giessen.de/download/webcache/1000/6126040","@type":"dctypes:Image"},"on":"https://digisam.ub.uni-giessen.de/i3f/v20/6126037/canvas/6126040","motivation":"sc:painting","@id":"https://digisam.ub.uni-giessen.de/i3f/v20/6126037/annotation/6126040","@type":"oa:Annotation"}],"label":"[3]","@id":"https://digisam.ub.uni-giessen.de/i3f/v20/6126037/canvas/6126040","@type":"sc:Canvas"},{"height":1283,"width":1631,"images":[{"resource":{"service":{"profile":"http://iiif.io/api/image/2/level2.json","@context":"http://iiif.io/api/image/2/context.json","@id":"https://digisam.ub.uni-giessen.de/i3f/v20/6126041"},"format":"image/jpeg","height":786,"width":1000,"@id":"https://digisam.ub.uni-giessen.de/download/webcache/1000/6126041","@type":"dctypes:Image"},"on":"https://digisam.ub.uni-giessen.de/i3f/v20/6126037/canvas/6126041","motivation":"sc:painting","@id":"https://digisam.ub.uni-giessen.de/i3f/v20/6126037/annotation/6126041","@type":"oa:Annotation"}],"label":"[4]","@id":"https://digisam.ub.uni-giessen.de/i3f/v20/6126037/canvas/6126041","@type":"sc:Canvas"}],"viewingHint":"paged","startCanvas":"https://digisam.ub.uni-giessen.de/i3f/v20/6126037/canvas/6126038","viewingDirection":"left-to-right","label":"Current Page Order","@context":"http://iiif.io/api/presentation/2/context.json","@id":"https://digisam.ub.uni-giessen.de/i3f/v20/6126037/sequence/normal","@type":"sc:Sequence"}],"label":"Briefkarte von \u00c9lie Cartan an Friedrich Engel vom 7.5.1938","thumbnail":{"width":304,"height":240,"@id":"https://digisam.ub.uni-giessen.de/i3f/v21/6126038/full/304/0/default.jpg","@type":"dctypes:Image","format":"image/jpeg"},"logo":{"@id":"https://digisam.ub.uni-giessen.de/domainimage/logo-UB-giessen.png","service":{"profile":"http://iiif.io/api/image/2/level2.json","@context":"http://iiif.io/api/image/2/context.json","@id":"https://www.uni-giessen.de/ub/"}},"@context":"http://iiif.io/api/presentation/2/context.json","seeAlso":{"format":"application/xml","@id":"https://digisam.ub.uni-giessen.de/oai?verb=GetRecord&metadataPrefix=mets&identifier=6126037","label":"METS"},"@id":"https://digisam.ub.uni-giessen.de/i3f/v20/6126037/manifest","@type":"sc:Manifest","metadata":[{"value":"Briefkarte von \u00c9lie Cartan an Friedrich Engel vom 7.5.1938","label":"Titel"},{"value":"Cartan, \u00c9lie","label":"Verfasser"},{"value":"Engel, Friedrich","label":"Adressat(en)"},{"value":"Paris, 7.5.1938","label":"Entstehung"},{"value":"2 S.","label":"Umfang"},{"value":"Franz\u00f6sisch","label":"Sprache"},{"value":"NE180459","label":"Signatur"},{"value":"Gie\u00dfen","label":"Schlagw\u00f6rter"}]}