{"viewingHint":"paged","service":[],"structures":[],"sequences":[{"canvases":[{"height":1198,"width":1792,"images":[{"resource":{"service":{"profile":"http://iiif.io/api/image/2/level2.json","@context":"http://iiif.io/api/image/2/context.json","@id":"https://digisam.ub.uni-giessen.de/i3f/v20/6125975"},"format":"image/jpeg","height":668,"width":1000,"@id":"https://digisam.ub.uni-giessen.de/download/webcache/1000/6125975","@type":"dctypes:Image"},"on":"https://digisam.ub.uni-giessen.de/i3f/v20/6125974/canvas/6125975","motivation":"sc:painting","@id":"https://digisam.ub.uni-giessen.de/i3f/v20/6125974/annotation/6125975","@type":"oa:Annotation"}],"label":"[1]","@id":"https://digisam.ub.uni-giessen.de/i3f/v20/6125974/canvas/6125975","@type":"sc:Canvas"},{"height":1177,"width":1794,"images":[{"resource":{"service":{"profile":"http://iiif.io/api/image/2/level2.json","@context":"http://iiif.io/api/image/2/context.json","@id":"https://digisam.ub.uni-giessen.de/i3f/v20/6125976"},"format":"image/jpeg","height":656,"width":1000,"@id":"https://digisam.ub.uni-giessen.de/download/webcache/1000/6125976","@type":"dctypes:Image"},"on":"https://digisam.ub.uni-giessen.de/i3f/v20/6125974/canvas/6125976","motivation":"sc:painting","@id":"https://digisam.ub.uni-giessen.de/i3f/v20/6125974/annotation/6125976","@type":"oa:Annotation"}],"label":"[2]","@id":"https://digisam.ub.uni-giessen.de/i3f/v20/6125974/canvas/6125976","@type":"sc:Canvas"},{"height":1116,"width":1721,"images":[{"resource":{"service":{"profile":"http://iiif.io/api/image/2/level2.json","@context":"http://iiif.io/api/image/2/context.json","@id":"https://digisam.ub.uni-giessen.de/i3f/v20/6125977"},"format":"image/jpeg","height":648,"width":1000,"@id":"https://digisam.ub.uni-giessen.de/download/webcache/1000/6125977","@type":"dctypes:Image"},"on":"https://digisam.ub.uni-giessen.de/i3f/v20/6125974/canvas/6125977","motivation":"sc:painting","@id":"https://digisam.ub.uni-giessen.de/i3f/v20/6125974/annotation/6125977","@type":"oa:Annotation"}],"label":"[3]","@id":"https://digisam.ub.uni-giessen.de/i3f/v20/6125974/canvas/6125977","@type":"sc:Canvas"},{"height":1121,"width":1719,"images":[{"resource":{"service":{"profile":"http://iiif.io/api/image/2/level2.json","@context":"http://iiif.io/api/image/2/context.json","@id":"https://digisam.ub.uni-giessen.de/i3f/v20/6125978"},"format":"image/jpeg","height":652,"width":1000,"@id":"https://digisam.ub.uni-giessen.de/download/webcache/1000/6125978","@type":"dctypes:Image"},"on":"https://digisam.ub.uni-giessen.de/i3f/v20/6125974/canvas/6125978","motivation":"sc:painting","@id":"https://digisam.ub.uni-giessen.de/i3f/v20/6125974/annotation/6125978","@type":"oa:Annotation"}],"label":"[4]","@id":"https://digisam.ub.uni-giessen.de/i3f/v20/6125974/canvas/6125978","@type":"sc:Canvas"}],"viewingHint":"paged","startCanvas":"https://digisam.ub.uni-giessen.de/i3f/v20/6125974/canvas/6125975","viewingDirection":"left-to-right","label":"Current Page Order","@context":"http://iiif.io/api/presentation/2/context.json","@id":"https://digisam.ub.uni-giessen.de/i3f/v20/6125974/sequence/normal","@type":"sc:Sequence"}],"label":"Postkarte (Foto) von \u00c9lie Cartan an Friedrich Engel vom 5.9.1935","thumbnail":{"width":304,"height":203,"@id":"https://digisam.ub.uni-giessen.de/i3f/v21/6125975/full/304/0/default.jpg","@type":"dctypes:Image","format":"image/jpeg"},"logo":{"@id":"https://digisam.ub.uni-giessen.de/domainimage/logo-UB-giessen.png","service":{"profile":"http://iiif.io/api/image/2/level2.json","@context":"http://iiif.io/api/image/2/context.json","@id":"https://www.uni-giessen.de/ub/"}},"@context":"http://iiif.io/api/presentation/2/context.json","seeAlso":{"format":"application/xml","@id":"https://digisam.ub.uni-giessen.de/oai?verb=GetRecord&metadataPrefix=mets&identifier=6125974","label":"METS"},"@id":"https://digisam.ub.uni-giessen.de/i3f/v20/6125974/manifest","@type":"sc:Manifest","metadata":[{"value":"Postkarte (Foto) von \u00c9lie Cartan an Friedrich Engel vom 5.9.1935","label":"Titel"},{"value":"Cartan, \u00c9lie","label":"Verfasser"},{"value":"Engel, Friedrich","label":"Adressat(en)"},{"value":"Dolomieu, 5.9.1935","label":"Entstehung"},{"value":"2 S.","label":"Umfang"},{"value":"Franz\u00f6sisch","label":"Sprache"},{"value":"NE180447","label":"Signatur"},{"value":"Gie\u00dfen","label":"Schlagw\u00f6rter"}]}