{"viewingHint":"paged","service":[],"structures":[],"sequences":[{"canvases":[{"height":2588,"width":3304,"images":[{"resource":{"service":{"profile":"http://iiif.io/api/image/2/level2.json","@context":"http://iiif.io/api/image/2/context.json","@id":"https://digisam.ub.uni-giessen.de/i3f/v20/6125970"},"format":"image/jpeg","height":783,"width":1000,"@id":"https://digisam.ub.uni-giessen.de/download/webcache/1000/6125970","@type":"dctypes:Image"},"on":"https://digisam.ub.uni-giessen.de/i3f/v20/6125969/canvas/6125970","motivation":"sc:painting","@id":"https://digisam.ub.uni-giessen.de/i3f/v20/6125969/annotation/6125970","@type":"oa:Annotation"}],"label":"[1]","@id":"https://digisam.ub.uni-giessen.de/i3f/v20/6125969/canvas/6125970","@type":"sc:Canvas"},{"height":2582,"width":3287,"images":[{"resource":{"service":{"profile":"http://iiif.io/api/image/2/level2.json","@context":"http://iiif.io/api/image/2/context.json","@id":"https://digisam.ub.uni-giessen.de/i3f/v20/6125971"},"format":"image/jpeg","height":785,"width":1000,"@id":"https://digisam.ub.uni-giessen.de/download/webcache/1000/6125971","@type":"dctypes:Image"},"on":"https://digisam.ub.uni-giessen.de/i3f/v20/6125969/canvas/6125971","motivation":"sc:painting","@id":"https://digisam.ub.uni-giessen.de/i3f/v20/6125969/annotation/6125971","@type":"oa:Annotation"}],"label":"[2]","@id":"https://digisam.ub.uni-giessen.de/i3f/v20/6125969/canvas/6125971","@type":"sc:Canvas"},{"height":2501,"width":1614,"images":[{"resource":{"service":{"profile":"http://iiif.io/api/image/2/level2.json","@context":"http://iiif.io/api/image/2/context.json","@id":"https://digisam.ub.uni-giessen.de/i3f/v20/6125972"},"format":"image/jpeg","height":1549,"width":1000,"@id":"https://digisam.ub.uni-giessen.de/download/webcache/1000/6125972","@type":"dctypes:Image"},"on":"https://digisam.ub.uni-giessen.de/i3f/v20/6125969/canvas/6125972","motivation":"sc:painting","@id":"https://digisam.ub.uni-giessen.de/i3f/v20/6125969/annotation/6125972","@type":"oa:Annotation"}],"label":"[3]","@id":"https://digisam.ub.uni-giessen.de/i3f/v20/6125969/canvas/6125972","@type":"sc:Canvas"},{"height":2495,"width":3204,"images":[{"resource":{"service":{"profile":"http://iiif.io/api/image/2/level2.json","@context":"http://iiif.io/api/image/2/context.json","@id":"https://digisam.ub.uni-giessen.de/i3f/v20/6125973"},"format":"image/jpeg","height":778,"width":1000,"@id":"https://digisam.ub.uni-giessen.de/download/webcache/1000/6125973","@type":"dctypes:Image"},"on":"https://digisam.ub.uni-giessen.de/i3f/v20/6125969/canvas/6125973","motivation":"sc:painting","@id":"https://digisam.ub.uni-giessen.de/i3f/v20/6125969/annotation/6125973","@type":"oa:Annotation"}],"label":"[4]","@id":"https://digisam.ub.uni-giessen.de/i3f/v20/6125969/canvas/6125973","@type":"sc:Canvas"}],"viewingHint":"paged","startCanvas":"https://digisam.ub.uni-giessen.de/i3f/v20/6125969/canvas/6125970","viewingDirection":"left-to-right","label":"Current Page Order","@context":"http://iiif.io/api/presentation/2/context.json","@id":"https://digisam.ub.uni-giessen.de/i3f/v20/6125969/sequence/normal","@type":"sc:Sequence"}],"label":"Brief von \u00c9lie Cartan an Friedrich Engel vom 11.8.1935","thumbnail":{"width":304,"height":238,"@id":"https://digisam.ub.uni-giessen.de/i3f/v21/6125970/full/304/0/default.jpg","@type":"dctypes:Image","format":"image/jpeg"},"logo":{"@id":"https://digisam.ub.uni-giessen.de/domainimage/logo-UB-giessen.png","service":{"profile":"http://iiif.io/api/image/2/level2.json","@context":"http://iiif.io/api/image/2/context.json","@id":"https://www.uni-giessen.de/ub/"}},"@context":"http://iiif.io/api/presentation/2/context.json","seeAlso":{"format":"application/xml","@id":"https://digisam.ub.uni-giessen.de/oai?verb=GetRecord&metadataPrefix=mets&identifier=6125969","label":"METS"},"@id":"https://digisam.ub.uni-giessen.de/i3f/v20/6125969/manifest","@type":"sc:Manifest","metadata":[{"value":"Brief von \u00c9lie Cartan an Friedrich Engel vom 11.8.1935","label":"Titel"},{"value":"Cartan, \u00c9lie","label":"Verfasser"},{"value":"Engel, Friedrich","label":"Adressat(en)"},{"value":"Gsteig bei Gstaad (Schweiz), 11.8.1935","label":"Entstehung"},{"value":"2 S.","label":"Umfang"},{"value":"Franz\u00f6sisch","label":"Sprache"},{"value":"NE180446","label":"Signatur"},{"value":"Gie\u00dfen","label":"Schlagw\u00f6rter"}]}