{"viewingHint":"paged","service":[],"structures":[],"sequences":[{"canvases":[{"height":1169,"width":1770,"images":[{"resource":{"service":{"profile":"http://iiif.io/api/image/2/level2.json","@context":"http://iiif.io/api/image/2/context.json","@id":"https://digisam.ub.uni-giessen.de/i3f/v20/6125863"},"format":"image/jpeg","height":660,"width":1000,"@id":"https://digisam.ub.uni-giessen.de/download/webcache/1000/6125863","@type":"dctypes:Image"},"on":"https://digisam.ub.uni-giessen.de/i3f/v20/6125862/canvas/6125863","motivation":"sc:painting","@id":"https://digisam.ub.uni-giessen.de/i3f/v20/6125862/annotation/6125863","@type":"oa:Annotation"}],"label":"[1]","@id":"https://digisam.ub.uni-giessen.de/i3f/v20/6125862/canvas/6125863","@type":"sc:Canvas"},{"height":1172,"width":1762,"images":[{"resource":{"service":{"profile":"http://iiif.io/api/image/2/level2.json","@context":"http://iiif.io/api/image/2/context.json","@id":"https://digisam.ub.uni-giessen.de/i3f/v20/6125864"},"format":"image/jpeg","height":665,"width":1000,"@id":"https://digisam.ub.uni-giessen.de/download/webcache/1000/6125864","@type":"dctypes:Image"},"on":"https://digisam.ub.uni-giessen.de/i3f/v20/6125862/canvas/6125864","motivation":"sc:painting","@id":"https://digisam.ub.uni-giessen.de/i3f/v20/6125862/annotation/6125864","@type":"oa:Annotation"}],"label":"[2]","@id":"https://digisam.ub.uni-giessen.de/i3f/v20/6125862/canvas/6125864","@type":"sc:Canvas"},{"height":1113,"width":1705,"images":[{"resource":{"service":{"profile":"http://iiif.io/api/image/2/level2.json","@context":"http://iiif.io/api/image/2/context.json","@id":"https://digisam.ub.uni-giessen.de/i3f/v20/6125865"},"format":"image/jpeg","height":652,"width":1000,"@id":"https://digisam.ub.uni-giessen.de/download/webcache/1000/6125865","@type":"dctypes:Image"},"on":"https://digisam.ub.uni-giessen.de/i3f/v20/6125862/canvas/6125865","motivation":"sc:painting","@id":"https://digisam.ub.uni-giessen.de/i3f/v20/6125862/annotation/6125865","@type":"oa:Annotation"}],"label":"[3]","@id":"https://digisam.ub.uni-giessen.de/i3f/v20/6125862/canvas/6125865","@type":"sc:Canvas"},{"height":1144,"width":1703,"images":[{"resource":{"service":{"profile":"http://iiif.io/api/image/2/level2.json","@context":"http://iiif.io/api/image/2/context.json","@id":"https://digisam.ub.uni-giessen.de/i3f/v20/6125866"},"format":"image/jpeg","height":671,"width":1000,"@id":"https://digisam.ub.uni-giessen.de/download/webcache/1000/6125866","@type":"dctypes:Image"},"on":"https://digisam.ub.uni-giessen.de/i3f/v20/6125862/canvas/6125866","motivation":"sc:painting","@id":"https://digisam.ub.uni-giessen.de/i3f/v20/6125862/annotation/6125866","@type":"oa:Annotation"}],"label":"[4]","@id":"https://digisam.ub.uni-giessen.de/i3f/v20/6125862/canvas/6125866","@type":"sc:Canvas"}],"viewingHint":"paged","startCanvas":"https://digisam.ub.uni-giessen.de/i3f/v20/6125862/canvas/6125863","viewingDirection":"left-to-right","label":"Current Page Order","@context":"http://iiif.io/api/presentation/2/context.json","@id":"https://digisam.ub.uni-giessen.de/i3f/v20/6125862/sequence/normal","@type":"sc:Sequence"}],"label":"Ansichtskarte von \u00c9lie Cartan an Friedrich Engel vom 25.9.1929","thumbnail":{"width":304,"height":200,"@id":"https://digisam.ub.uni-giessen.de/i3f/v21/6125863/full/304/0/default.jpg","@type":"dctypes:Image","format":"image/jpeg"},"logo":{"@id":"https://digisam.ub.uni-giessen.de/domainimage/logo-UB-giessen.png","service":{"profile":"http://iiif.io/api/image/2/level2.json","@context":"http://iiif.io/api/image/2/context.json","@id":"https://www.uni-giessen.de/ub/"}},"@context":"http://iiif.io/api/presentation/2/context.json","seeAlso":{"format":"application/xml","@id":"https://digisam.ub.uni-giessen.de/oai?verb=GetRecord&metadataPrefix=mets&identifier=6125862","label":"METS"},"@id":"https://digisam.ub.uni-giessen.de/i3f/v20/6125862/manifest","@type":"sc:Manifest","metadata":[{"value":"Ansichtskarte von \u00c9lie Cartan an Friedrich Engel vom 25.9.1929","label":"Titel"},{"value":"Cartan, \u00c9lie","label":"Verfasser"},{"value":"Engel, Friedrich","label":"Adressat(en)"},{"value":"Dolomieu, 25.9.1929","label":"Entstehung"},{"value":"2 S.","label":"Umfang"},{"value":"Franz\u00f6sisch","label":"Sprache"},{"value":"NE180426","label":"Signatur"},{"value":"Gie\u00dfen","label":"Schlagw\u00f6rter"}]}