{"viewingHint":"paged","service":[],"structures":[],"sequences":[{"canvases":[{"height":1127,"width":1695,"images":[{"resource":{"service":{"profile":"http://iiif.io/api/image/2/level2.json","@context":"http://iiif.io/api/image/2/context.json","@id":"https://digisam.ub.uni-giessen.de/i3f/v20/6125830"},"format":"image/jpeg","height":664,"width":1000,"@id":"https://digisam.ub.uni-giessen.de/download/webcache/1000/6125830","@type":"dctypes:Image"},"on":"https://digisam.ub.uni-giessen.de/i3f/v20/6125829/canvas/6125830","motivation":"sc:painting","@id":"https://digisam.ub.uni-giessen.de/i3f/v20/6125829/annotation/6125830","@type":"oa:Annotation"}],"label":"[1]","@id":"https://digisam.ub.uni-giessen.de/i3f/v20/6125829/canvas/6125830","@type":"sc:Canvas"},{"height":1704,"width":1125,"images":[{"resource":{"service":{"profile":"http://iiif.io/api/image/2/level2.json","@context":"http://iiif.io/api/image/2/context.json","@id":"https://digisam.ub.uni-giessen.de/i3f/v20/6125831"},"format":"image/jpeg","height":1514,"width":1000,"@id":"https://digisam.ub.uni-giessen.de/download/webcache/1000/6125831","@type":"dctypes:Image"},"on":"https://digisam.ub.uni-giessen.de/i3f/v20/6125829/canvas/6125831","motivation":"sc:painting","@id":"https://digisam.ub.uni-giessen.de/i3f/v20/6125829/annotation/6125831","@type":"oa:Annotation"}],"label":"[2]","@id":"https://digisam.ub.uni-giessen.de/i3f/v20/6125829/canvas/6125831","@type":"sc:Canvas"},{"height":1077,"width":1653,"images":[{"resource":{"service":{"profile":"http://iiif.io/api/image/2/level2.json","@context":"http://iiif.io/api/image/2/context.json","@id":"https://digisam.ub.uni-giessen.de/i3f/v20/6125832"},"format":"image/jpeg","height":651,"width":1000,"@id":"https://digisam.ub.uni-giessen.de/download/webcache/1000/6125832","@type":"dctypes:Image"},"on":"https://digisam.ub.uni-giessen.de/i3f/v20/6125829/canvas/6125832","motivation":"sc:painting","@id":"https://digisam.ub.uni-giessen.de/i3f/v20/6125829/annotation/6125832","@type":"oa:Annotation"}],"label":"[3]","@id":"https://digisam.ub.uni-giessen.de/i3f/v20/6125829/canvas/6125832","@type":"sc:Canvas"},{"height":1651,"width":1119,"images":[{"resource":{"service":{"profile":"http://iiif.io/api/image/2/level2.json","@context":"http://iiif.io/api/image/2/context.json","@id":"https://digisam.ub.uni-giessen.de/i3f/v20/6125833"},"format":"image/jpeg","height":1475,"width":1000,"@id":"https://digisam.ub.uni-giessen.de/download/webcache/1000/6125833","@type":"dctypes:Image"},"on":"https://digisam.ub.uni-giessen.de/i3f/v20/6125829/canvas/6125833","motivation":"sc:painting","@id":"https://digisam.ub.uni-giessen.de/i3f/v20/6125829/annotation/6125833","@type":"oa:Annotation"}],"label":"[4]","@id":"https://digisam.ub.uni-giessen.de/i3f/v20/6125829/canvas/6125833","@type":"sc:Canvas"}],"viewingHint":"paged","startCanvas":"https://digisam.ub.uni-giessen.de/i3f/v20/6125829/canvas/6125830","viewingDirection":"left-to-right","label":"Current Page Order","@context":"http://iiif.io/api/presentation/2/context.json","@id":"https://digisam.ub.uni-giessen.de/i3f/v20/6125829/sequence/normal","@type":"sc:Sequence"}],"label":"Ansichtskarte von \u00c9lie Cartan an Friedrich Engel vom 25.4.1927","thumbnail":{"width":304,"height":202,"@id":"https://digisam.ub.uni-giessen.de/i3f/v21/6125830/full/304/0/default.jpg","@type":"dctypes:Image","format":"image/jpeg"},"logo":{"@id":"https://digisam.ub.uni-giessen.de/domainimage/logo-UB-giessen.png","service":{"profile":"http://iiif.io/api/image/2/level2.json","@context":"http://iiif.io/api/image/2/context.json","@id":"https://www.uni-giessen.de/ub/"}},"@context":"http://iiif.io/api/presentation/2/context.json","seeAlso":{"format":"application/xml","@id":"https://digisam.ub.uni-giessen.de/oai?verb=GetRecord&metadataPrefix=mets&identifier=6125829","label":"METS"},"@id":"https://digisam.ub.uni-giessen.de/i3f/v20/6125829/manifest","@type":"sc:Manifest","metadata":[{"value":"Ansichtskarte von \u00c9lie Cartan an Friedrich Engel vom 25.4.1927","label":"Titel"},{"value":"Cartan, \u00c9lie","label":"Verfasser"},{"value":"Engel, Friedrich","label":"Adressat(en)"},{"value":"Le Chesnay, 25.4.1927","label":"Entstehung"},{"value":"2 S.","label":"Umfang"},{"value":"Franz\u00f6sisch","label":"Sprache"},{"value":"NE180420","label":"Signatur"},{"value":"Gie\u00dfen","label":"Schlagw\u00f6rter"}]}