{"viewingHint":"paged","service":[],"structures":[],"sequences":[{"canvases":[{"height":2536,"width":3274,"images":[{"resource":{"service":{"profile":"http://iiif.io/api/image/2/level2.json","@context":"http://iiif.io/api/image/2/context.json","@id":"https://digisam.ub.uni-giessen.de/i3f/v20/6125808"},"format":"image/jpeg","height":774,"width":1000,"@id":"https://digisam.ub.uni-giessen.de/download/webcache/1000/6125808","@type":"dctypes:Image"},"on":"https://digisam.ub.uni-giessen.de/i3f/v20/6125807/canvas/6125808","motivation":"sc:painting","@id":"https://digisam.ub.uni-giessen.de/i3f/v20/6125807/annotation/6125808","@type":"oa:Annotation"}],"label":"[1]","@id":"https://digisam.ub.uni-giessen.de/i3f/v20/6125807/canvas/6125808","@type":"sc:Canvas"},{"height":2540,"width":3278,"images":[{"resource":{"service":{"profile":"http://iiif.io/api/image/2/level2.json","@context":"http://iiif.io/api/image/2/context.json","@id":"https://digisam.ub.uni-giessen.de/i3f/v20/6125809"},"format":"image/jpeg","height":774,"width":1000,"@id":"https://digisam.ub.uni-giessen.de/download/webcache/1000/6125809","@type":"dctypes:Image"},"on":"https://digisam.ub.uni-giessen.de/i3f/v20/6125807/canvas/6125809","motivation":"sc:painting","@id":"https://digisam.ub.uni-giessen.de/i3f/v20/6125807/annotation/6125809","@type":"oa:Annotation"}],"label":"[2]","@id":"https://digisam.ub.uni-giessen.de/i3f/v20/6125807/canvas/6125809","@type":"sc:Canvas"},{"height":2479,"width":1607,"images":[{"resource":{"service":{"profile":"http://iiif.io/api/image/2/level2.json","@context":"http://iiif.io/api/image/2/context.json","@id":"https://digisam.ub.uni-giessen.de/i3f/v20/6125810"},"format":"image/jpeg","height":1542,"width":1000,"@id":"https://digisam.ub.uni-giessen.de/download/webcache/1000/6125810","@type":"dctypes:Image"},"on":"https://digisam.ub.uni-giessen.de/i3f/v20/6125807/canvas/6125810","motivation":"sc:painting","@id":"https://digisam.ub.uni-giessen.de/i3f/v20/6125807/annotation/6125810","@type":"oa:Annotation"}],"label":"[3]","@id":"https://digisam.ub.uni-giessen.de/i3f/v20/6125807/canvas/6125810","@type":"sc:Canvas"},{"height":2474,"width":3180,"images":[{"resource":{"service":{"profile":"http://iiif.io/api/image/2/level2.json","@context":"http://iiif.io/api/image/2/context.json","@id":"https://digisam.ub.uni-giessen.de/i3f/v20/6125811"},"format":"image/jpeg","height":777,"width":1000,"@id":"https://digisam.ub.uni-giessen.de/download/webcache/1000/6125811","@type":"dctypes:Image"},"on":"https://digisam.ub.uni-giessen.de/i3f/v20/6125807/canvas/6125811","motivation":"sc:painting","@id":"https://digisam.ub.uni-giessen.de/i3f/v20/6125807/annotation/6125811","@type":"oa:Annotation"}],"label":"[4]","@id":"https://digisam.ub.uni-giessen.de/i3f/v20/6125807/canvas/6125811","@type":"sc:Canvas"}],"viewingHint":"paged","startCanvas":"https://digisam.ub.uni-giessen.de/i3f/v20/6125807/canvas/6125808","viewingDirection":"left-to-right","label":"Current Page Order","@context":"http://iiif.io/api/presentation/2/context.json","@id":"https://digisam.ub.uni-giessen.de/i3f/v20/6125807/sequence/normal","@type":"sc:Sequence"}],"label":"Brief von \u00c9lie Cartan an Friedrich Engel vom 8.2.1927","thumbnail":{"width":304,"height":235,"@id":"https://digisam.ub.uni-giessen.de/i3f/v21/6125808/full/304/0/default.jpg","@type":"dctypes:Image","format":"image/jpeg"},"logo":{"@id":"https://digisam.ub.uni-giessen.de/domainimage/logo-UB-giessen.png","service":{"profile":"http://iiif.io/api/image/2/level2.json","@context":"http://iiif.io/api/image/2/context.json","@id":"https://www.uni-giessen.de/ub/"}},"@context":"http://iiif.io/api/presentation/2/context.json","seeAlso":{"format":"application/xml","@id":"https://digisam.ub.uni-giessen.de/oai?verb=GetRecord&metadataPrefix=mets&identifier=6125807","label":"METS"},"@id":"https://digisam.ub.uni-giessen.de/i3f/v20/6125807/manifest","@type":"sc:Manifest","metadata":[{"value":"Brief von \u00c9lie Cartan an Friedrich Engel vom 8.2.1927","label":"Titel"},{"value":"Cartan, \u00c9lie","label":"Verfasser"},{"value":"Engel, Friedrich","label":"Adressat(en)"},{"value":"Le Chesnay, 8.2.1927","label":"Entstehung"},{"value":"3 S.","label":"Umfang"},{"value":"Franz\u00f6sisch","label":"Sprache"},{"value":"NE180417","label":"Signatur"},{"value":"Gie\u00dfen","label":"Schlagw\u00f6rter"}]}