{"viewingHint":"paged","service":[],"structures":[],"sequences":[{"canvases":[{"height":2554,"width":3287,"images":[{"resource":{"service":{"profile":"http://iiif.io/api/image/2/level2.json","@context":"http://iiif.io/api/image/2/context.json","@id":"https://digisam.ub.uni-giessen.de/i3f/v20/6125759"},"format":"image/jpeg","height":777,"width":1000,"@id":"https://digisam.ub.uni-giessen.de/download/webcache/1000/6125759","@type":"dctypes:Image"},"on":"https://digisam.ub.uni-giessen.de/i3f/v20/6125758/canvas/6125759","motivation":"sc:painting","@id":"https://digisam.ub.uni-giessen.de/i3f/v20/6125758/annotation/6125759","@type":"oa:Annotation"}],"label":"[1]","@id":"https://digisam.ub.uni-giessen.de/i3f/v20/6125758/canvas/6125759","@type":"sc:Canvas"},{"height":2563,"width":3300,"images":[{"resource":{"service":{"profile":"http://iiif.io/api/image/2/level2.json","@context":"http://iiif.io/api/image/2/context.json","@id":"https://digisam.ub.uni-giessen.de/i3f/v20/6125760"},"format":"image/jpeg","height":776,"width":1000,"@id":"https://digisam.ub.uni-giessen.de/download/webcache/1000/6125760","@type":"dctypes:Image"},"on":"https://digisam.ub.uni-giessen.de/i3f/v20/6125758/canvas/6125760","motivation":"sc:painting","@id":"https://digisam.ub.uni-giessen.de/i3f/v20/6125758/annotation/6125760","@type":"oa:Annotation"}],"label":"[2]","@id":"https://digisam.ub.uni-giessen.de/i3f/v20/6125758/canvas/6125760","@type":"sc:Canvas"},{"height":2484,"width":1618,"images":[{"resource":{"service":{"profile":"http://iiif.io/api/image/2/level2.json","@context":"http://iiif.io/api/image/2/context.json","@id":"https://digisam.ub.uni-giessen.de/i3f/v20/6125761"},"format":"image/jpeg","height":1535,"width":1000,"@id":"https://digisam.ub.uni-giessen.de/download/webcache/1000/6125761","@type":"dctypes:Image"},"on":"https://digisam.ub.uni-giessen.de/i3f/v20/6125758/canvas/6125761","motivation":"sc:painting","@id":"https://digisam.ub.uni-giessen.de/i3f/v20/6125758/annotation/6125761","@type":"oa:Annotation"}],"label":"[3]","@id":"https://digisam.ub.uni-giessen.de/i3f/v20/6125758/canvas/6125761","@type":"sc:Canvas"},{"height":2480,"width":3205,"images":[{"resource":{"service":{"profile":"http://iiif.io/api/image/2/level2.json","@context":"http://iiif.io/api/image/2/context.json","@id":"https://digisam.ub.uni-giessen.de/i3f/v20/6125762"},"format":"image/jpeg","height":773,"width":1000,"@id":"https://digisam.ub.uni-giessen.de/download/webcache/1000/6125762","@type":"dctypes:Image"},"on":"https://digisam.ub.uni-giessen.de/i3f/v20/6125758/canvas/6125762","motivation":"sc:painting","@id":"https://digisam.ub.uni-giessen.de/i3f/v20/6125758/annotation/6125762","@type":"oa:Annotation"}],"label":"[4]","@id":"https://digisam.ub.uni-giessen.de/i3f/v20/6125758/canvas/6125762","@type":"sc:Canvas"}],"viewingHint":"paged","startCanvas":"https://digisam.ub.uni-giessen.de/i3f/v20/6125758/canvas/6125759","viewingDirection":"left-to-right","label":"Current Page Order","@context":"http://iiif.io/api/presentation/2/context.json","@id":"https://digisam.ub.uni-giessen.de/i3f/v20/6125758/sequence/normal","@type":"sc:Sequence"}],"label":"Brief von \u00c9lie Cartan an Friedrich Engel vom 3.8.1925","thumbnail":{"width":304,"height":236,"@id":"https://digisam.ub.uni-giessen.de/i3f/v21/6125759/full/304/0/default.jpg","@type":"dctypes:Image","format":"image/jpeg"},"logo":{"@id":"https://digisam.ub.uni-giessen.de/domainimage/logo-UB-giessen.png","service":{"profile":"http://iiif.io/api/image/2/level2.json","@context":"http://iiif.io/api/image/2/context.json","@id":"https://www.uni-giessen.de/ub/"}},"@context":"http://iiif.io/api/presentation/2/context.json","seeAlso":{"format":"application/xml","@id":"https://digisam.ub.uni-giessen.de/oai?verb=GetRecord&metadataPrefix=mets&identifier=6125758","label":"METS"},"@id":"https://digisam.ub.uni-giessen.de/i3f/v20/6125758/manifest","@type":"sc:Manifest","metadata":[{"value":"Brief von \u00c9lie Cartan an Friedrich Engel vom 3.8.1925","label":"Titel"},{"value":"Cartan, \u00c9lie","label":"Verfasser"},{"value":"Engel, Friedrich","label":"Adressat(en)"},{"value":"Dolomieu, 3.8.1925","label":"Entstehung"},{"value":"3 S.","label":"Umfang"},{"value":"Franz\u00f6sisch","label":"Sprache"},{"value":"NE180409","label":"Signatur"},{"value":"Gie\u00dfen","label":"Schlagw\u00f6rter"}]}