{"viewingHint":"paged","service":[],"structures":[],"sequences":[{"canvases":[{"height":2168,"width":1401,"images":[{"resource":{"service":{"profile":"http://iiif.io/api/image/2/level2.json","@context":"http://iiif.io/api/image/2/context.json","@id":"https://digisam.ub.uni-giessen.de/i3f/v20/6112459"},"format":"image/jpeg","height":1547,"width":1000,"@id":"https://digisam.ub.uni-giessen.de/download/webcache/1000/6112459","@type":"dctypes:Image"},"on":"https://digisam.ub.uni-giessen.de/i3f/v20/6112458/canvas/6112459","motivation":"sc:painting","@id":"https://digisam.ub.uni-giessen.de/i3f/v20/6112458/annotation/6112459","@type":"oa:Annotation"}],"label":"[1]","@id":"https://digisam.ub.uni-giessen.de/i3f/v20/6112458/canvas/6112459","@type":"sc:Canvas"},{"height":2152,"width":2752,"images":[{"resource":{"service":{"profile":"http://iiif.io/api/image/2/level2.json","@context":"http://iiif.io/api/image/2/context.json","@id":"https://digisam.ub.uni-giessen.de/i3f/v20/6112460"},"format":"image/jpeg","height":781,"width":1000,"@id":"https://digisam.ub.uni-giessen.de/download/webcache/1000/6112460","@type":"dctypes:Image"},"on":"https://digisam.ub.uni-giessen.de/i3f/v20/6112458/canvas/6112460","motivation":"sc:painting","@id":"https://digisam.ub.uni-giessen.de/i3f/v20/6112458/annotation/6112460","@type":"oa:Annotation"}],"label":"[2]","@id":"https://digisam.ub.uni-giessen.de/i3f/v20/6112458/canvas/6112460","@type":"sc:Canvas"},{"height":2158,"width":2750,"images":[{"resource":{"service":{"profile":"http://iiif.io/api/image/2/level2.json","@context":"http://iiif.io/api/image/2/context.json","@id":"https://digisam.ub.uni-giessen.de/i3f/v20/6112461"},"format":"image/jpeg","height":784,"width":1000,"@id":"https://digisam.ub.uni-giessen.de/download/webcache/1000/6112461","@type":"dctypes:Image"},"on":"https://digisam.ub.uni-giessen.de/i3f/v20/6112458/canvas/6112461","motivation":"sc:painting","@id":"https://digisam.ub.uni-giessen.de/i3f/v20/6112458/annotation/6112461","@type":"oa:Annotation"}],"label":"[3]","@id":"https://digisam.ub.uni-giessen.de/i3f/v20/6112458/canvas/6112461","@type":"sc:Canvas"},{"height":2164,"width":1404,"images":[{"resource":{"service":{"profile":"http://iiif.io/api/image/2/level2.json","@context":"http://iiif.io/api/image/2/context.json","@id":"https://digisam.ub.uni-giessen.de/i3f/v20/6112462"},"format":"image/jpeg","height":1541,"width":1000,"@id":"https://digisam.ub.uni-giessen.de/download/webcache/1000/6112462","@type":"dctypes:Image"},"on":"https://digisam.ub.uni-giessen.de/i3f/v20/6112458/canvas/6112462","motivation":"sc:painting","@id":"https://digisam.ub.uni-giessen.de/i3f/v20/6112458/annotation/6112462","@type":"oa:Annotation"}],"label":"[4]","@id":"https://digisam.ub.uni-giessen.de/i3f/v20/6112458/canvas/6112462","@type":"sc:Canvas"}],"viewingHint":"paged","startCanvas":"https://digisam.ub.uni-giessen.de/i3f/v20/6112458/canvas/6112459","viewingDirection":"left-to-right","label":"Current Page Order","@context":"http://iiif.io/api/presentation/2/context.json","@id":"https://digisam.ub.uni-giessen.de/i3f/v20/6112458/sequence/normal","@type":"sc:Sequence"}],"label":"Brief von Paul St\u00e4ckel an Friedrich Engel vom 22.8.1896","thumbnail":{"width":304,"height":470,"@id":"https://digisam.ub.uni-giessen.de/i3f/v21/6112459/full/304/0/default.jpg","@type":"dctypes:Image","format":"image/jpeg"},"logo":{"@id":"https://digisam.ub.uni-giessen.de/domainimage/logo-UB-giessen.png","service":{"profile":"http://iiif.io/api/image/2/level2.json","@context":"http://iiif.io/api/image/2/context.json","@id":"https://www.uni-giessen.de/ub/"}},"@context":"http://iiif.io/api/presentation/2/context.json","seeAlso":{"format":"application/xml","@id":"https://digisam.ub.uni-giessen.de/oai?verb=GetRecord&metadataPrefix=mets&identifier=6112458","label":"METS"},"@id":"https://digisam.ub.uni-giessen.de/i3f/v20/6112458/manifest","@type":"sc:Manifest","metadata":[{"value":"Brief von Paul St\u00e4ckel an Friedrich Engel vom 22.8.1896","label":"Titel"},{"value":"St\u00e4ckel, Paul Gustav","label":"Verfasser"},{"value":"Engel, Friedrich","label":"Adressat(en)"},{"value":"Lyck, 22.8.1896","label":"Entstehung"},{"value":"6 S.","label":"Umfang"},{"value":"NE010290","label":"Signatur"},{"value":"C\u00f6lln bei Mei\u00dfen","label":"Schlagw\u00f6rter"}]}