{"viewingHint":"paged","service":[{"profile":"http://iiif.io/api/search/1/search","@context":"http://iiif.io/api/search/1/context.json","@id":"https://digisam.ub.uni-giessen.de/i3f/manifest/5501402/search","label":"Search within this manifest"}],"structures":[{"ranges":["https://digisam.ub.uni-giessen.de/i3f/v20/5501402/range/5501403"],"viewingHint":"top","@id":"https://digisam.ub.uni-giessen.de/i3f/v20/5501402/range/5501402","@type":"sc:Range","label":"Table of Contents"},{"canvases":["https://digisam.ub.uni-giessen.de/i3f/v20/5501402/canvas/5501404","https://digisam.ub.uni-giessen.de/i3f/v20/5501402/canvas/5501405","https://digisam.ub.uni-giessen.de/i3f/v20/5501402/canvas/5501406","https://digisam.ub.uni-giessen.de/i3f/v20/5501402/canvas/5501407"],"@id":"https://digisam.ub.uni-giessen.de/i3f/v20/5501402/range/5501403","@type":"sc:Range","label":"Text"}],"sequences":[{"canvases":[{"height":5216,"width":4612,"images":[{"resource":{"service":{"profile":"http://iiif.io/api/image/2/level2.json","@context":"http://iiif.io/api/image/2/context.json","@id":"https://digisam.ub.uni-giessen.de/i3f/v20/5501404"},"format":"image/jpeg","height":1130,"width":1000,"@id":"https://digisam.ub.uni-giessen.de/download/webcache/1000/5501404","@type":"dctypes:Image"},"on":"https://digisam.ub.uni-giessen.de/i3f/v20/5501402/canvas/5501404","motivation":"sc:painting","@id":"https://digisam.ub.uni-giessen.de/i3f/v20/5501402/annotation/5501404","@type":"oa:Annotation"}],"label":"[1]","@id":"https://digisam.ub.uni-giessen.de/i3f/v20/5501402/canvas/5501404","@type":"sc:Canvas"},{"height":5232,"width":4600,"images":[{"resource":{"service":{"profile":"http://iiif.io/api/image/2/level2.json","@context":"http://iiif.io/api/image/2/context.json","@id":"https://digisam.ub.uni-giessen.de/i3f/v20/5501405"},"format":"image/jpeg","height":1137,"width":1000,"@id":"https://digisam.ub.uni-giessen.de/download/webcache/1000/5501405","@type":"dctypes:Image"},"on":"https://digisam.ub.uni-giessen.de/i3f/v20/5501402/canvas/5501405","motivation":"sc:painting","@id":"https://digisam.ub.uni-giessen.de/i3f/v20/5501402/annotation/5501405","@type":"oa:Annotation"}],"label":"[2]","@id":"https://digisam.ub.uni-giessen.de/i3f/v20/5501402/canvas/5501405","@type":"sc:Canvas"},{"height":5216,"width":4612,"images":[{"resource":{"service":{"profile":"http://iiif.io/api/image/2/level2.json","@context":"http://iiif.io/api/image/2/context.json","@id":"https://digisam.ub.uni-giessen.de/i3f/v20/5501406"},"format":"image/jpeg","height":1130,"width":1000,"@id":"https://digisam.ub.uni-giessen.de/download/webcache/1000/5501406","@type":"dctypes:Image"},"on":"https://digisam.ub.uni-giessen.de/i3f/v20/5501402/canvas/5501406","motivation":"sc:painting","@id":"https://digisam.ub.uni-giessen.de/i3f/v20/5501402/annotation/5501406","@type":"oa:Annotation"}],"label":"[3]","@id":"https://digisam.ub.uni-giessen.de/i3f/v20/5501402/canvas/5501406","@type":"sc:Canvas"},{"height":5232,"width":4600,"images":[{"resource":{"service":{"profile":"http://iiif.io/api/image/2/level2.json","@context":"http://iiif.io/api/image/2/context.json","@id":"https://digisam.ub.uni-giessen.de/i3f/v20/5501407"},"format":"image/jpeg","height":1137,"width":1000,"@id":"https://digisam.ub.uni-giessen.de/download/webcache/1000/5501407","@type":"dctypes:Image"},"on":"https://digisam.ub.uni-giessen.de/i3f/v20/5501402/canvas/5501407","motivation":"sc:painting","@id":"https://digisam.ub.uni-giessen.de/i3f/v20/5501402/annotation/5501407","@type":"oa:Annotation"}],"label":"[4]","@id":"https://digisam.ub.uni-giessen.de/i3f/v20/5501402/canvas/5501407","@type":"sc:Canvas"}],"viewingHint":"paged","startCanvas":"https://digisam.ub.uni-giessen.de/i3f/v20/5501402/canvas/5501404","viewingDirection":"left-to-right","label":"Current Page Order","@context":"http://iiif.io/api/presentation/2/context.json","@id":"https://digisam.ub.uni-giessen.de/i3f/v20/5501402/sequence/normal","@type":"sc:Sequence"}],"label":"Periodi derer Regenten des K\u00f6nigreichs Pohlen, K\u00fcrtzlich entworffen, und Auffgelegt Anno M.DC.LXIX.","thumbnail":{"width":304,"height":343,"@id":"https://digisam.ub.uni-giessen.de/i3f/v21/5501404/full/304/0/default.jpg","@type":"dctypes:Image","format":"image/jpeg"},"logo":{"@id":"https://digisam.ub.uni-giessen.de/domainimage/logo-UB-giessen.png","service":{"profile":"http://iiif.io/api/image/2/level2.json","@context":"http://iiif.io/api/image/2/context.json","@id":"https://www.uni-giessen.de/ub/"}},"@context":"http://iiif.io/api/presentation/2/context.json","seeAlso":{"format":"application/xml","@id":"https://digisam.ub.uni-giessen.de/oai?verb=GetRecord&metadataPrefix=mets&identifier=5501402","label":"METS"},"@id":"https://digisam.ub.uni-giessen.de/i3f/v20/5501402/manifest","@type":"sc:Manifest","metadata":[{"value":"Periodi derer Regenten des K\u00f6nigreichs Pohlen, K\u00fcrtzlich entworffen, und Auffgelegt Anno M.DC.LXIX.","label":"Titel"},{"value":"[Erscheinungsort nicht ermittelbar] : [Verlag nicht ermittelbar], Anno M.DC.LXIX.","label":"Erschienen"},{"value":"[4] Seiten ; 4\u00b0","label":"Umfang"},{"value":"Deutsch","label":"Sprache"},{"value":"UB Gie\u00dfen, M 12216(44)","label":"Signatur"},{"value":"Geschichte 1669","label":"Schlagw\u00f6rter"},{"value":"Giessen : Universit\u00e4tsbibliothek, [2024]","label":"Online-Ausgabe"},{"value":"urn:nbn:de:hebis:26-digisam-223692","label":"URN"}]}