{"viewingHint":"paged","service":[{"profile":"http://iiif.io/api/search/1/search","@context":"http://iiif.io/api/search/1/context.json","@id":"https://digisam.ub.uni-giessen.de/i3f/manifest/5434207/search","label":"Search within this manifest"}],"structures":[{"ranges":["https://digisam.ub.uni-giessen.de/i3f/v20/5434207/range/5434208"],"viewingHint":"top","@id":"https://digisam.ub.uni-giessen.de/i3f/v20/5434207/range/5434207","@type":"sc:Range","label":"Table of Contents"},{"canvases":["https://digisam.ub.uni-giessen.de/i3f/v20/5434207/canvas/5434209","https://digisam.ub.uni-giessen.de/i3f/v20/5434207/canvas/5434210","https://digisam.ub.uni-giessen.de/i3f/v20/5434207/canvas/5434211","https://digisam.ub.uni-giessen.de/i3f/v20/5434207/canvas/5434212"],"@id":"https://digisam.ub.uni-giessen.de/i3f/v20/5434207/range/5434208","@type":"sc:Range","label":"Text"}],"sequences":[{"canvases":[{"height":2802,"width":1784,"images":[{"resource":{"service":{"profile":"http://iiif.io/api/image/2/level2.json","@context":"http://iiif.io/api/image/2/context.json","@id":"https://digisam.ub.uni-giessen.de/i3f/v20/5434209"},"format":"image/jpeg","height":1570,"width":1000,"@id":"https://digisam.ub.uni-giessen.de/download/webcache/1000/5434209","@type":"dctypes:Image"},"on":"https://digisam.ub.uni-giessen.de/i3f/v20/5434207/canvas/5434209","motivation":"sc:painting","@id":"https://digisam.ub.uni-giessen.de/i3f/v20/5434207/annotation/5434209","@type":"oa:Annotation"}],"label":"[1]","@id":"https://digisam.ub.uni-giessen.de/i3f/v20/5434207/canvas/5434209","@type":"sc:Canvas"},{"height":2803,"width":1779,"images":[{"resource":{"service":{"profile":"http://iiif.io/api/image/2/level2.json","@context":"http://iiif.io/api/image/2/context.json","@id":"https://digisam.ub.uni-giessen.de/i3f/v20/5434210"},"format":"image/jpeg","height":1575,"width":1000,"@id":"https://digisam.ub.uni-giessen.de/download/webcache/1000/5434210","@type":"dctypes:Image"},"on":"https://digisam.ub.uni-giessen.de/i3f/v20/5434207/canvas/5434210","motivation":"sc:painting","@id":"https://digisam.ub.uni-giessen.de/i3f/v20/5434207/annotation/5434210","@type":"oa:Annotation"}],"label":"[2]","@id":"https://digisam.ub.uni-giessen.de/i3f/v20/5434207/canvas/5434210","@type":"sc:Canvas"},{"height":2802,"width":1784,"images":[{"resource":{"service":{"profile":"http://iiif.io/api/image/2/level2.json","@context":"http://iiif.io/api/image/2/context.json","@id":"https://digisam.ub.uni-giessen.de/i3f/v20/5434211"},"format":"image/jpeg","height":1570,"width":1000,"@id":"https://digisam.ub.uni-giessen.de/download/webcache/1000/5434211","@type":"dctypes:Image"},"on":"https://digisam.ub.uni-giessen.de/i3f/v20/5434207/canvas/5434211","motivation":"sc:painting","@id":"https://digisam.ub.uni-giessen.de/i3f/v20/5434207/annotation/5434211","@type":"oa:Annotation"}],"label":"[3]","@id":"https://digisam.ub.uni-giessen.de/i3f/v20/5434207/canvas/5434211","@type":"sc:Canvas"},{"height":2803,"width":1779,"images":[{"resource":{"service":{"profile":"http://iiif.io/api/image/2/level2.json","@context":"http://iiif.io/api/image/2/context.json","@id":"https://digisam.ub.uni-giessen.de/i3f/v20/5434212"},"format":"image/jpeg","height":1575,"width":1000,"@id":"https://digisam.ub.uni-giessen.de/download/webcache/1000/5434212","@type":"dctypes:Image"},"on":"https://digisam.ub.uni-giessen.de/i3f/v20/5434207/canvas/5434212","motivation":"sc:painting","@id":"https://digisam.ub.uni-giessen.de/i3f/v20/5434207/annotation/5434212","@type":"oa:Annotation"}],"label":"[4]","@id":"https://digisam.ub.uni-giessen.de/i3f/v20/5434207/canvas/5434212","@type":"sc:Canvas"}],"viewingHint":"paged","startCanvas":"https://digisam.ub.uni-giessen.de/i3f/v20/5434207/canvas/5434209","viewingDirection":"left-to-right","label":"Current Page Order","@context":"http://iiif.io/api/presentation/2/context.json","@id":"https://digisam.ub.uni-giessen.de/i3f/v20/5434207/sequence/normal","@type":"sc:Sequence"}],"label":"Tafellieder f\u00fcr das Schillerfest zu Gie\u00dfen am 10. November 1859","thumbnail":{"width":304,"height":477,"@id":"https://digisam.ub.uni-giessen.de/i3f/v21/5434209/full/304/0/default.jpg","@type":"dctypes:Image","format":"image/jpeg"},"logo":{"@id":"https://digisam.ub.uni-giessen.de/domainimage/logo-UB-giessen.png","service":{"profile":"http://iiif.io/api/image/2/level2.json","@context":"http://iiif.io/api/image/2/context.json","@id":"https://www.uni-giessen.de/ub/"}},"@context":"http://iiif.io/api/presentation/2/context.json","seeAlso":{"format":"application/xml","@id":"https://digisam.ub.uni-giessen.de/oai?verb=GetRecord&metadataPrefix=mets&identifier=5434207","label":"METS"},"@id":"https://digisam.ub.uni-giessen.de/i3f/v20/5434207/manifest","@type":"sc:Manifest","metadata":[{"value":"Tafellieder f\u00fcr das Schillerfest zu Gie\u00dfen am 10. November 1859","label":"Titel"},{"value":"[1859]","label":"Erschienen"},{"value":"3 ungez\u00e4hlte Seiten","label":"Umfang"},{"value":"Deutsch","label":"Sprache"},{"value":"UB Gie\u00dfen, M 26169/2 fol.(58f)","label":"Signatur"},{"value":"[1859]","label":"Online-Ausgabe"},{"value":"urn:nbn:de:hebis:26-digisam-218506","label":"URN"}]}