{"viewingHint":"paged","service":[{"profile":"http://iiif.io/api/search/1/search","@context":"http://iiif.io/api/search/1/context.json","@id":"https://digisam.ub.uni-giessen.de/i3f/manifest/5434161/search","label":"Search within this manifest"}],"structures":[{"ranges":["https://digisam.ub.uni-giessen.de/i3f/v20/5434161/range/5434162","https://digisam.ub.uni-giessen.de/i3f/v20/5434161/range/5434165"],"viewingHint":"top","@id":"https://digisam.ub.uni-giessen.de/i3f/v20/5434161/range/5434161","@type":"sc:Range","label":"Table of Contents"},{"canvases":["https://digisam.ub.uni-giessen.de/i3f/v20/5434161/canvas/5434163","https://digisam.ub.uni-giessen.de/i3f/v20/5434161/canvas/5434164"],"@id":"https://digisam.ub.uni-giessen.de/i3f/v20/5434161/range/5434162","@type":"sc:Range","label":"Text"},{"canvases":["https://digisam.ub.uni-giessen.de/i3f/v20/5434161/canvas/5434166"],"@id":"https://digisam.ub.uni-giessen.de/i3f/v20/5434161/range/5434165","@type":"sc:Range","label":"Farbkeil"}],"sequences":[{"canvases":[{"height":3839,"width":2808,"images":[{"resource":{"service":{"profile":"http://iiif.io/api/image/2/level2.json","@context":"http://iiif.io/api/image/2/context.json","@id":"https://digisam.ub.uni-giessen.de/i3f/v20/5434163"},"format":"image/jpeg","height":1367,"width":1000,"@id":"https://digisam.ub.uni-giessen.de/download/webcache/1000/5434163","@type":"dctypes:Image"},"on":"https://digisam.ub.uni-giessen.de/i3f/v20/5434161/canvas/5434163","motivation":"sc:painting","@id":"https://digisam.ub.uni-giessen.de/i3f/v20/5434161/annotation/5434163","@type":"oa:Annotation"}],"label":"[1]","@id":"https://digisam.ub.uni-giessen.de/i3f/v20/5434161/canvas/5434163","@type":"sc:Canvas"},{"height":3839,"width":2808,"images":[{"resource":{"service":{"profile":"http://iiif.io/api/image/2/level2.json","@context":"http://iiif.io/api/image/2/context.json","@id":"https://digisam.ub.uni-giessen.de/i3f/v20/5434164"},"format":"image/jpeg","height":1367,"width":1000,"@id":"https://digisam.ub.uni-giessen.de/download/webcache/1000/5434164","@type":"dctypes:Image"},"on":"https://digisam.ub.uni-giessen.de/i3f/v20/5434161/canvas/5434164","motivation":"sc:painting","@id":"https://digisam.ub.uni-giessen.de/i3f/v20/5434161/annotation/5434164","@type":"oa:Annotation"}],"label":"[2]","@id":"https://digisam.ub.uni-giessen.de/i3f/v20/5434161/canvas/5434164","@type":"sc:Canvas"},{"height":3839,"width":2808,"images":[{"resource":{"service":{"profile":"http://iiif.io/api/image/2/level2.json","@context":"http://iiif.io/api/image/2/context.json","@id":"https://digisam.ub.uni-giessen.de/i3f/v20/5434166"},"format":"image/jpeg","height":1367,"width":1000,"@id":"https://digisam.ub.uni-giessen.de/download/webcache/1000/5434166","@type":"dctypes:Image"},"on":"https://digisam.ub.uni-giessen.de/i3f/v20/5434161/canvas/5434166","motivation":"sc:painting","@id":"https://digisam.ub.uni-giessen.de/i3f/v20/5434161/annotation/5434166","@type":"oa:Annotation"}],"label":"[3]","@id":"https://digisam.ub.uni-giessen.de/i3f/v20/5434161/canvas/5434166","@type":"sc:Canvas"}],"viewingHint":"paged","startCanvas":"https://digisam.ub.uni-giessen.de/i3f/v20/5434161/canvas/5434163","viewingDirection":"left-to-right","label":"Current Page Order","@context":"http://iiif.io/api/presentation/2/context.json","@id":"https://digisam.ub.uni-giessen.de/i3f/v20/5434161/sequence/normal","@type":"sc:Sequence"}],"label":"Die Wahrheit \u00fcber die Buchdruckerl\u00f6hne!","thumbnail":{"width":304,"height":415,"@id":"https://digisam.ub.uni-giessen.de/i3f/v21/5434163/full/304/0/default.jpg","@type":"dctypes:Image","format":"image/jpeg"},"logo":{"@id":"https://digisam.ub.uni-giessen.de/domainimage/logo-UB-giessen.png","service":{"profile":"http://iiif.io/api/image/2/level2.json","@context":"http://iiif.io/api/image/2/context.json","@id":"https://www.uni-giessen.de/ub/"}},"@context":"http://iiif.io/api/presentation/2/context.json","seeAlso":{"format":"application/xml","@id":"https://digisam.ub.uni-giessen.de/oai?verb=GetRecord&metadataPrefix=mets&identifier=5434161","label":"METS"},"@id":"https://digisam.ub.uni-giessen.de/i3f/v20/5434161/manifest","@type":"sc:Manifest","metadata":[{"value":"Die Wahrheit \u00fcber die Buchdruckerl\u00f6hne! / Industriegewerkschaft Druck und Papier, Bezirk Gie\u00dfen, der Vorstand, i.A. Otto Schleenbecker","label":"Titel"},{"value":"Industriegewerkschaft Druck und Papier <Deutschland, Bundesrepublik> / Ortsverein Gie\u00dfen","label":"K\u00f6rperschaft"},{"value":"[Gie\u00dfen] : [Verlag nicht ermittelbar], [1952?]","label":"Erschienen"},{"value":"1 ungez\u00e4hltes Blatt","label":"Umfang"},{"value":"Deutsch","label":"Sprache"},{"value":"UB Gie\u00dfen, M 26169/2 fol.(56)","label":"Signatur"},{"value":"Buchdrucker    / Lohn","label":"Schlagw\u00f6rter"},{"value":"Giessen : Universit\u00e4tsbibliothek, [2024]","label":"Online-Ausgabe"},{"value":"urn:nbn:de:hebis:26-digisam-218425","label":"URN"}]}