{"viewingHint":"paged","service":[{"profile":"http://iiif.io/api/search/1/search","@context":"http://iiif.io/api/search/1/context.json","@id":"https://digisam.ub.uni-giessen.de/i3f/manifest/5433967/search","label":"Search within this manifest"}],"structures":[{"ranges":["https://digisam.ub.uni-giessen.de/i3f/v20/5433967/range/5433968","https://digisam.ub.uni-giessen.de/i3f/v20/5433967/range/5433973","https://digisam.ub.uni-giessen.de/i3f/v20/5433967/range/5433975"],"viewingHint":"top","@id":"https://digisam.ub.uni-giessen.de/i3f/v20/5433967/range/5433967","@type":"sc:Range","label":"Table of Contents"},{"canvases":["https://digisam.ub.uni-giessen.de/i3f/v20/5433967/canvas/5433969","https://digisam.ub.uni-giessen.de/i3f/v20/5433967/canvas/5433970","https://digisam.ub.uni-giessen.de/i3f/v20/5433967/canvas/5433971","https://digisam.ub.uni-giessen.de/i3f/v20/5433967/canvas/5433972"],"@id":"https://digisam.ub.uni-giessen.de/i3f/v20/5433967/range/5433968","@type":"sc:Range","label":"Text"},{"canvases":["https://digisam.ub.uni-giessen.de/i3f/v20/5433967/canvas/5433974"],"@id":"https://digisam.ub.uni-giessen.de/i3f/v20/5433967/range/5433973","@type":"sc:Range","label":"R\u00fcckdeckel"},{"canvases":["https://digisam.ub.uni-giessen.de/i3f/v20/5433967/canvas/5433976"],"@id":"https://digisam.ub.uni-giessen.de/i3f/v20/5433967/range/5433975","@type":"sc:Range","label":"Farbkeil"}],"sequences":[{"canvases":[{"height":3724,"width":2904,"images":[{"resource":{"service":{"profile":"http://iiif.io/api/image/2/level2.json","@context":"http://iiif.io/api/image/2/context.json","@id":"https://digisam.ub.uni-giessen.de/i3f/v20/5433969"},"format":"image/jpeg","height":1282,"width":1000,"@id":"https://digisam.ub.uni-giessen.de/download/webcache/1000/5433969","@type":"dctypes:Image"},"on":"https://digisam.ub.uni-giessen.de/i3f/v20/5433967/canvas/5433969","motivation":"sc:painting","@id":"https://digisam.ub.uni-giessen.de/i3f/v20/5433967/annotation/5433969","@type":"oa:Annotation"}],"label":"[1]","@id":"https://digisam.ub.uni-giessen.de/i3f/v20/5433967/canvas/5433969","@type":"sc:Canvas"},{"height":3724,"width":2901,"images":[{"resource":{"service":{"profile":"http://iiif.io/api/image/2/level2.json","@context":"http://iiif.io/api/image/2/context.json","@id":"https://digisam.ub.uni-giessen.de/i3f/v20/5433970"},"format":"image/jpeg","height":1283,"width":1000,"@id":"https://digisam.ub.uni-giessen.de/download/webcache/1000/5433970","@type":"dctypes:Image"},"on":"https://digisam.ub.uni-giessen.de/i3f/v20/5433967/canvas/5433970","motivation":"sc:painting","@id":"https://digisam.ub.uni-giessen.de/i3f/v20/5433967/annotation/5433970","@type":"oa:Annotation"}],"label":"[2]","@id":"https://digisam.ub.uni-giessen.de/i3f/v20/5433967/canvas/5433970","@type":"sc:Canvas"},{"height":3724,"width":2901,"images":[{"resource":{"service":{"profile":"http://iiif.io/api/image/2/level2.json","@context":"http://iiif.io/api/image/2/context.json","@id":"https://digisam.ub.uni-giessen.de/i3f/v20/5433971"},"format":"image/jpeg","height":1283,"width":1000,"@id":"https://digisam.ub.uni-giessen.de/download/webcache/1000/5433971","@type":"dctypes:Image"},"on":"https://digisam.ub.uni-giessen.de/i3f/v20/5433967/canvas/5433971","motivation":"sc:painting","@id":"https://digisam.ub.uni-giessen.de/i3f/v20/5433967/annotation/5433971","@type":"oa:Annotation"}],"label":"[3]","@id":"https://digisam.ub.uni-giessen.de/i3f/v20/5433967/canvas/5433971","@type":"sc:Canvas"},{"height":3735,"width":2901,"images":[{"resource":{"service":{"profile":"http://iiif.io/api/image/2/level2.json","@context":"http://iiif.io/api/image/2/context.json","@id":"https://digisam.ub.uni-giessen.de/i3f/v20/5433972"},"format":"image/jpeg","height":1287,"width":1000,"@id":"https://digisam.ub.uni-giessen.de/download/webcache/1000/5433972","@type":"dctypes:Image"},"on":"https://digisam.ub.uni-giessen.de/i3f/v20/5433967/canvas/5433972","motivation":"sc:painting","@id":"https://digisam.ub.uni-giessen.de/i3f/v20/5433967/annotation/5433972","@type":"oa:Annotation"}],"label":"[4]","@id":"https://digisam.ub.uni-giessen.de/i3f/v20/5433967/canvas/5433972","@type":"sc:Canvas"},{"height":3089,"width":3883,"images":[{"resource":{"service":{"profile":"http://iiif.io/api/image/2/level2.json","@context":"http://iiif.io/api/image/2/context.json","@id":"https://digisam.ub.uni-giessen.de/i3f/v20/5433974"},"format":"image/jpeg","height":795,"width":1000,"@id":"https://digisam.ub.uni-giessen.de/download/webcache/1000/5433974","@type":"dctypes:Image"},"on":"https://digisam.ub.uni-giessen.de/i3f/v20/5433967/canvas/5433974","motivation":"sc:painting","@id":"https://digisam.ub.uni-giessen.de/i3f/v20/5433967/annotation/5433974","@type":"oa:Annotation"}],"label":"[5]","@id":"https://digisam.ub.uni-giessen.de/i3f/v20/5433967/canvas/5433974","@type":"sc:Canvas"},{"height":3106,"width":3921,"images":[{"resource":{"service":{"profile":"http://iiif.io/api/image/2/level2.json","@context":"http://iiif.io/api/image/2/context.json","@id":"https://digisam.ub.uni-giessen.de/i3f/v20/5433976"},"format":"image/jpeg","height":792,"width":1000,"@id":"https://digisam.ub.uni-giessen.de/download/webcache/1000/5433976","@type":"dctypes:Image"},"on":"https://digisam.ub.uni-giessen.de/i3f/v20/5433967/canvas/5433976","motivation":"sc:painting","@id":"https://digisam.ub.uni-giessen.de/i3f/v20/5433967/annotation/5433976","@type":"oa:Annotation"}],"label":"[6]","@id":"https://digisam.ub.uni-giessen.de/i3f/v20/5433967/canvas/5433976","@type":"sc:Canvas"}],"viewingHint":"paged","startCanvas":"https://digisam.ub.uni-giessen.de/i3f/v20/5433967/canvas/5433969","viewingDirection":"left-to-right","label":"Current Page Order","@context":"http://iiif.io/api/presentation/2/context.json","@id":"https://digisam.ub.uni-giessen.de/i3f/v20/5433967/sequence/normal","@type":"sc:Sequence"}],"label":"Concert des akademischen Musikdirektors W. Mickler, unter g\u00fctiger Mitwirkung des Akademischen Gesangvereins","thumbnail":{"width":304,"height":389,"@id":"https://digisam.ub.uni-giessen.de/i3f/v21/5433969/full/304/0/default.jpg","@type":"dctypes:Image","format":"image/jpeg"},"logo":{"@id":"https://digisam.ub.uni-giessen.de/domainimage/logo-UB-giessen.png","service":{"profile":"http://iiif.io/api/image/2/level2.json","@context":"http://iiif.io/api/image/2/context.json","@id":"https://www.uni-giessen.de/ub/"}},"@context":"http://iiif.io/api/presentation/2/context.json","seeAlso":{"format":"application/xml","@id":"https://digisam.ub.uni-giessen.de/oai?verb=GetRecord&metadataPrefix=mets&identifier=5433967","label":"METS"},"@id":"https://digisam.ub.uni-giessen.de/i3f/v20/5433967/manifest","@type":"sc:Manifest","metadata":[{"value":"Concert des akademischen Musikdirektors W. Mickler, unter g\u00fctiger Mitwirkung des Akademischen Gesangvereins : Giessen, den 10. M\u00e4rz 1870","label":"Titel"},{"value":"Giessen : Br\u00fchl'sche Universit\u00e4ts-Buch- und Steindruckerei (Fr. Chr. Pietsch), 1870","label":"Erschienen"},{"value":"4 Seiten","label":"Umfang"},{"value":"korrektes Datum: 11. M\u00e4rz 1870","label":"Anmerkung"},{"value":"Deutsch","label":"Sprache"},{"value":"UB Gie\u00dfen, M 26169/2 fol.(58t)","label":"Signatur"},{"value":"Giessen : Universit\u00e4tsbibliothek, [2024]","label":"Online-Ausgabe"},{"value":"urn:nbn:de:hebis:26-digisam-218326","label":"URN"}]}