{"viewingHint":"paged","service":[{"profile":"http://iiif.io/api/search/1/search","@context":"http://iiif.io/api/search/1/context.json","@id":"https://digisam.ub.uni-giessen.de/i3f/manifest/5432281/search","label":"Search within this manifest"}],"structures":[{"ranges":["https://digisam.ub.uni-giessen.de/i3f/v20/5432281/range/5432282","https://digisam.ub.uni-giessen.de/i3f/v20/5432281/range/5432284"],"viewingHint":"top","@id":"https://digisam.ub.uni-giessen.de/i3f/v20/5432281/range/5432281","@type":"sc:Range","label":"Table of Contents"},{"canvases":["https://digisam.ub.uni-giessen.de/i3f/v20/5432281/canvas/5432283"],"@id":"https://digisam.ub.uni-giessen.de/i3f/v20/5432281/range/5432282","@type":"sc:Range","label":"Illustrationen"},{"canvases":["https://digisam.ub.uni-giessen.de/i3f/v20/5432281/canvas/5432285"],"@id":"https://digisam.ub.uni-giessen.de/i3f/v20/5432281/range/5432284","@type":"sc:Range","label":"Farkbeil"}],"sequences":[{"canvases":[{"height":3480,"width":2843,"images":[{"resource":{"service":{"profile":"http://iiif.io/api/image/2/level2.json","@context":"http://iiif.io/api/image/2/context.json","@id":"https://digisam.ub.uni-giessen.de/i3f/v20/5432283"},"format":"image/jpeg","height":1224,"width":1000,"@id":"https://digisam.ub.uni-giessen.de/download/webcache/1000/5432283","@type":"dctypes:Image"},"on":"https://digisam.ub.uni-giessen.de/i3f/v20/5432281/canvas/5432283","motivation":"sc:painting","@id":"https://digisam.ub.uni-giessen.de/i3f/v20/5432281/annotation/5432283","@type":"oa:Annotation"}],"label":"[1]","@id":"https://digisam.ub.uni-giessen.de/i3f/v20/5432281/canvas/5432283","@type":"sc:Canvas"},{"height":2521,"width":3566,"images":[{"resource":{"service":{"profile":"http://iiif.io/api/image/2/level2.json","@context":"http://iiif.io/api/image/2/context.json","@id":"https://digisam.ub.uni-giessen.de/i3f/v20/5432285"},"format":"image/jpeg","height":706,"width":1000,"@id":"https://digisam.ub.uni-giessen.de/download/webcache/1000/5432285","@type":"dctypes:Image"},"on":"https://digisam.ub.uni-giessen.de/i3f/v20/5432281/canvas/5432285","motivation":"sc:painting","@id":"https://digisam.ub.uni-giessen.de/i3f/v20/5432281/annotation/5432285","@type":"oa:Annotation"}],"label":"[2]","@id":"https://digisam.ub.uni-giessen.de/i3f/v20/5432281/canvas/5432285","@type":"sc:Canvas"}],"viewingHint":"paged","startCanvas":"https://digisam.ub.uni-giessen.de/i3f/v20/5432281/canvas/5432283","viewingDirection":"left-to-right","label":"Current Page Order","@context":"http://iiif.io/api/presentation/2/context.json","@id":"https://digisam.ub.uni-giessen.de/i3f/v20/5432281/sequence/normal","@type":"sc:Sequence"}],"label":"\"Pogrom\"","thumbnail":{"width":304,"height":372,"@id":"https://digisam.ub.uni-giessen.de/i3f/v21/5432283/full/304/0/default.jpg","@type":"dctypes:Image","format":"image/jpeg"},"logo":{"@id":"https://digisam.ub.uni-giessen.de/domainimage/logo-UB-giessen.png","service":{"profile":"http://iiif.io/api/image/2/level2.json","@context":"http://iiif.io/api/image/2/context.json","@id":"https://www.uni-giessen.de/ub/"}},"@context":"http://iiif.io/api/presentation/2/context.json","seeAlso":{"format":"application/xml","@id":"https://digisam.ub.uni-giessen.de/oai?verb=GetRecord&metadataPrefix=mets&identifier=5432281","label":"METS"},"@id":"https://digisam.ub.uni-giessen.de/i3f/v20/5432281/manifest","@type":"sc:Manifest","metadata":[{"value":"\"Pogrom\" : Radierung / David Friedmann","label":"Titel"},{"value":"Friedmann, David","label":"K\u00fcnstler"},{"value":"31.12.1919","label":"Erschienen"},{"value":"1 Blatt ; Blatt: 28,4 x 22,7 cm; Platte: 18,2 x 12 cm","label":"Umfang"},{"value":"Beschriftung unter dem Werk mit Bleistift: Meinem Geigenlehrer freundlichst zugeeignet; Bln [Berlin] 31.XII.1919; Dav. FriedmannDarstellung: klagender j\u00fcdischer MannVorbesitzer: Die Grafik ist Teil der Graphiksammlung Sch\u00fcling, die der fr\u00fchere Bibliotheksdirektor Dr. Hermann Sch\u00fcling im Jahr 2006 der Universit\u00e4tsbibliothek geschenkt hat. Den Schwerpunkt der Sammlung bilden Graphiken des 20. Jahrhunderts, insbesondere der 70er Jahre.","label":"Anmerkung"},{"value":"Deutsch","label":"Sprache"},{"value":"Morris, Miriam Friedman: The Nazis failed to destroy the artist David Friedmann ; David Friedmann 1893-1980","label":"Bibl. Referenz"},{"value":"UB Gie\u00dfen, gra A16-15","label":"Signatur"},{"value":"Friedmann, David","label":"Schlagw\u00f6rter"},{"value":"31.12.1919","label":"Online-Ausgabe"},{"value":"urn:nbn:de:hebis:26-digisam-218175","label":"URN"}]}