{"viewingHint":"paged","service":[{"profile":"http://iiif.io/api/search/1/search","@context":"http://iiif.io/api/search/1/context.json","@id":"https://digisam.ub.uni-giessen.de/i3f/manifest/4797805/search","label":"Search within this manifest"}],"structures":[],"sequences":[{"canvases":[{"height":2816,"width":1900,"images":[{"resource":{"service":{"profile":"http://iiif.io/api/image/2/level2.json","@context":"http://iiif.io/api/image/2/context.json","@id":"https://digisam.ub.uni-giessen.de/i3f/v20/4797806"},"format":"image/jpeg","height":1482,"width":1000,"@id":"https://digisam.ub.uni-giessen.de/download/webcache/1000/4797806","@type":"dctypes:Image"},"on":"https://digisam.ub.uni-giessen.de/i3f/v20/4797805/canvas/4797806","motivation":"sc:painting","@id":"https://digisam.ub.uni-giessen.de/i3f/v20/4797805/annotation/4797806","@type":"oa:Annotation"}],"label":"[1]","@id":"https://digisam.ub.uni-giessen.de/i3f/v20/4797805/canvas/4797806","@type":"sc:Canvas"},{"height":2816,"width":1900,"images":[{"resource":{"service":{"profile":"http://iiif.io/api/image/2/level2.json","@context":"http://iiif.io/api/image/2/context.json","@id":"https://digisam.ub.uni-giessen.de/i3f/v20/4797807"},"format":"image/jpeg","height":1482,"width":1000,"@id":"https://digisam.ub.uni-giessen.de/download/webcache/1000/4797807","@type":"dctypes:Image"},"on":"https://digisam.ub.uni-giessen.de/i3f/v20/4797805/canvas/4797807","motivation":"sc:painting","@id":"https://digisam.ub.uni-giessen.de/i3f/v20/4797805/annotation/4797807","@type":"oa:Annotation"}],"label":"[2]","@id":"https://digisam.ub.uni-giessen.de/i3f/v20/4797805/canvas/4797807","@type":"sc:Canvas"}],"viewingHint":"paged","startCanvas":"https://digisam.ub.uni-giessen.de/i3f/v20/4797805/canvas/4797806","viewingDirection":"left-to-right","label":"Current Page Order","@context":"http://iiif.io/api/presentation/2/context.json","@id":"https://digisam.ub.uni-giessen.de/i3f/v20/4797805/sequence/normal","@type":"sc:Sequence"}],"label":"Liebig-Denkmal. Klinikfeier. Grosses Concert ausgef\u00fchrt von der Capelle des 2. Grossh. Hess. Infant.-Regiment No. 116","thumbnail":{"width":304,"height":450,"@id":"https://digisam.ub.uni-giessen.de/i3f/v21/4797806/full/304/0/default.jpg","@type":"dctypes:Image","format":"image/jpeg"},"logo":{"@id":"https://digisam.ub.uni-giessen.de/domainimage/logo-UB-giessen.png","service":{"profile":"http://iiif.io/api/image/2/level2.json","@context":"http://iiif.io/api/image/2/context.json","@id":"https://www.uni-giessen.de/ub/"}},"@context":"http://iiif.io/api/presentation/2/context.json","seeAlso":{"format":"application/xml","@id":"https://digisam.ub.uni-giessen.de/oai?verb=GetRecord&metadataPrefix=mets&identifier=4797805","label":"METS"},"@id":"https://digisam.ub.uni-giessen.de/i3f/v20/4797805/manifest","@type":"sc:Manifest","metadata":[{"value":"Liebig-Denkmal. Klinikfeier. Grosses Concert ausgef\u00fchrt von der Capelle des 2. Grossh. Hess. Infant.-Regiment No. 116 : Programm / unter Leitung des Grossh. Musikdirectors C. Krausse ; [Stadt Gie\u00dfen]","label":"Titel"},{"value":"Krausse, C.","label":"__mods_name-roleTerm_Musical_director"},{"value":"Gie\u00dfen","label":"K\u00f6rperschaft"},{"value":"Giessen : Br\u00fchl'sche Druckerei (Fr. Chr. Pietsch), [28. Juli 1890]","label":"Erschienen"},{"value":"Gie\u00dfen","label":"Erscheinungsort"},{"value":"1 Blatt","label":"Umfang"},{"value":"Deutsch","label":"Sprache"},{"value":"UB Gie\u00dfen, A 56500(42b)","label":"Signatur"},{"value":"Giessen : Universit\u00e4tsbibliothek, [2018]","label":"Online-Ausgabe"},{"value":"urn:nbn:de:hebis:26-digisam-192561","label":"URN"}]}