{"viewingHint":"paged","service":[],"structures":[],"sequences":[{"canvases":[{"height":3134,"width":2633,"images":[{"resource":{"service":{"profile":"http://iiif.io/api/image/2/level2.json","@context":"http://iiif.io/api/image/2/context.json","@id":"https://digisam.ub.uni-giessen.de/i3f/v20/4056920"},"format":"image/jpeg","height":1190,"width":1000,"@id":"https://digisam.ub.uni-giessen.de/download/webcache/1000/4056920","@type":"dctypes:Image"},"on":"https://digisam.ub.uni-giessen.de/i3f/v20/4056919/canvas/4056920","motivation":"sc:painting","@id":"https://digisam.ub.uni-giessen.de/i3f/v20/4056919/annotation/4056920","@type":"oa:Annotation"}],"label":"[1]","@id":"https://digisam.ub.uni-giessen.de/i3f/v20/4056919/canvas/4056920","@type":"sc:Canvas"},{"height":3145,"width":2632,"images":[{"resource":{"service":{"profile":"http://iiif.io/api/image/2/level2.json","@context":"http://iiif.io/api/image/2/context.json","@id":"https://digisam.ub.uni-giessen.de/i3f/v20/4056921"},"format":"image/jpeg","height":1194,"width":1000,"@id":"https://digisam.ub.uni-giessen.de/download/webcache/1000/4056921","@type":"dctypes:Image"},"on":"https://digisam.ub.uni-giessen.de/i3f/v20/4056919/canvas/4056921","motivation":"sc:painting","@id":"https://digisam.ub.uni-giessen.de/i3f/v20/4056919/annotation/4056921","@type":"oa:Annotation"}],"label":"[2]","@id":"https://digisam.ub.uni-giessen.de/i3f/v20/4056919/canvas/4056921","@type":"sc:Canvas"},{"height":3147,"width":2637,"images":[{"resource":{"service":{"profile":"http://iiif.io/api/image/2/level2.json","@context":"http://iiif.io/api/image/2/context.json","@id":"https://digisam.ub.uni-giessen.de/i3f/v20/4056922"},"format":"image/jpeg","height":1193,"width":1000,"@id":"https://digisam.ub.uni-giessen.de/download/webcache/1000/4056922","@type":"dctypes:Image"},"on":"https://digisam.ub.uni-giessen.de/i3f/v20/4056919/canvas/4056922","motivation":"sc:painting","@id":"https://digisam.ub.uni-giessen.de/i3f/v20/4056919/annotation/4056922","@type":"oa:Annotation"}],"label":"[3]","@id":"https://digisam.ub.uni-giessen.de/i3f/v20/4056919/canvas/4056922","@type":"sc:Canvas"}],"viewingHint":"paged","startCanvas":"https://digisam.ub.uni-giessen.de/i3f/v20/4056919/canvas/4056920","viewingDirection":"left-to-right","label":"Current Page Order","@context":"http://iiif.io/api/presentation/2/context.json","@id":"https://digisam.ub.uni-giessen.de/i3f/v20/4056919/sequence/normal","@type":"sc:Sequence"}],"label":"Brief von Andreas von L\u00f6wis of Menar an Karl Ernst von Baer, 02.02.1833 [2ten Februar 1833 a. St.]","thumbnail":{"width":304,"height":361,"@id":"https://digisam.ub.uni-giessen.de/i3f/v21/4056920/full/304/0/default.jpg","@type":"dctypes:Image","format":"image/jpeg"},"logo":{"@id":"https://digisam.ub.uni-giessen.de/domainimage/logo-UB-giessen.png","service":{"profile":"http://iiif.io/api/image/2/level2.json","@context":"http://iiif.io/api/image/2/context.json","@id":"https://www.uni-giessen.de/ub/"}},"@context":"http://iiif.io/api/presentation/2/context.json","seeAlso":{"format":"application/xml","@id":"https://digisam.ub.uni-giessen.de/oai?verb=GetRecord&metadataPrefix=mets&identifier=4056919","label":"METS"},"@id":"https://digisam.ub.uni-giessen.de/i3f/v20/4056919/manifest","@type":"sc:Manifest","metadata":[{"value":"Brief von Andreas von L\u00f6wis of Menar an Karl Ernst von Baer, 02.02.1833 [2ten Februar 1833 a. St.]","label":"Titel"},{"value":"L\u00f6wis of Menar, Andreas von, L\u00f6wis of Menar, Andreas von","label":"Verfasser"},{"value":"Baer, Karl Ernst von, Baer, Karl Ernst von","label":"Adressat(en)"},{"value":"Gr\u00fcnewaldt, Johann Engelbrecht Christoph von, Gr\u00fcnewaldt, Johann Engelbrecht Christoph von","label":"Beteiligt"},{"value":"Gr\u00fcnewaldt, Otto Magnus von, Gr\u00fcnewaldt, Otto Magnus von","label":"Beteiligt"},{"value":"Brutzer, Karl Ernst, Brutzer, Karl Ernst","label":"Beteiligt"},{"value":"Moier, Johann Christian, Moier, Johann Christian","label":"Beteiligt"},{"value":"Dorpat, 2.2.1833","label":"Entstehung"},{"value":"1 Brief, 1 Blatt (1 beschriebene Seite, Adresse verso, Lacksiegel, Postvermerke), 4\u00b0","label":"Umfang"},{"value":"Deutsch","label":"Sprache"},{"value":"Nachlass Karl Ernst von Baer - 1. Briefe - 1.15 Band 15 - Brief von Andreas von L\u00f6wis of Menar an Karl Ernst von Baer, 14.07.1823-22.11.1837 [14.07.1823-22.11.1837, o.D.]","label":"Serie"},{"value":"Nachl. Baer, Briefe 15, Bl. 11","label":"Signatur"},{"value":"Digitalisat","label":"URL"},{"value":"urn:nbn:de:hebis:26-digisam-152035","label":"URN"}]}