{"viewingHint":"paged","service":[],"structures":[],"sequences":[{"canvases":[{"height":2593,"width":2153,"images":[{"resource":{"service":{"profile":"http://iiif.io/api/image/2/level2.json","@context":"http://iiif.io/api/image/2/context.json","@id":"https://digisam.ub.uni-giessen.de/i3f/v20/4056910"},"format":"image/jpeg","height":1204,"width":1000,"@id":"https://digisam.ub.uni-giessen.de/download/webcache/1000/4056910","@type":"dctypes:Image"},"on":"https://digisam.ub.uni-giessen.de/i3f/v20/4056909/canvas/4056910","motivation":"sc:painting","@id":"https://digisam.ub.uni-giessen.de/i3f/v20/4056909/annotation/4056910","@type":"oa:Annotation"}],"label":"[1]","@id":"https://digisam.ub.uni-giessen.de/i3f/v20/4056909/canvas/4056910","@type":"sc:Canvas"},{"height":2592,"width":2150,"images":[{"resource":{"service":{"profile":"http://iiif.io/api/image/2/level2.json","@context":"http://iiif.io/api/image/2/context.json","@id":"https://digisam.ub.uni-giessen.de/i3f/v20/4056911"},"format":"image/jpeg","height":1205,"width":1000,"@id":"https://digisam.ub.uni-giessen.de/download/webcache/1000/4056911","@type":"dctypes:Image"},"on":"https://digisam.ub.uni-giessen.de/i3f/v20/4056909/canvas/4056911","motivation":"sc:painting","@id":"https://digisam.ub.uni-giessen.de/i3f/v20/4056909/annotation/4056911","@type":"oa:Annotation"}],"label":"[2]","@id":"https://digisam.ub.uni-giessen.de/i3f/v20/4056909/canvas/4056911","@type":"sc:Canvas"},{"height":2586,"width":2151,"images":[{"resource":{"service":{"profile":"http://iiif.io/api/image/2/level2.json","@context":"http://iiif.io/api/image/2/context.json","@id":"https://digisam.ub.uni-giessen.de/i3f/v20/4056912"},"format":"image/jpeg","height":1202,"width":1000,"@id":"https://digisam.ub.uni-giessen.de/download/webcache/1000/4056912","@type":"dctypes:Image"},"on":"https://digisam.ub.uni-giessen.de/i3f/v20/4056909/canvas/4056912","motivation":"sc:painting","@id":"https://digisam.ub.uni-giessen.de/i3f/v20/4056909/annotation/4056912","@type":"oa:Annotation"}],"label":"[3]","@id":"https://digisam.ub.uni-giessen.de/i3f/v20/4056909/canvas/4056912","@type":"sc:Canvas"}],"viewingHint":"paged","startCanvas":"https://digisam.ub.uni-giessen.de/i3f/v20/4056909/canvas/4056910","viewingDirection":"left-to-right","label":"Current Page Order","@context":"http://iiif.io/api/presentation/2/context.json","@id":"https://digisam.ub.uni-giessen.de/i3f/v20/4056909/sequence/normal","@type":"sc:Sequence"}],"label":"Brief von Andreas von L\u00f6wis of Menar an Karl Ernst von Baer, 24.09.1823 [24ten September 1823]","thumbnail":{"width":304,"height":366,"@id":"https://digisam.ub.uni-giessen.de/i3f/v21/4056910/full/304/0/default.jpg","@type":"dctypes:Image","format":"image/jpeg"},"logo":{"@id":"https://digisam.ub.uni-giessen.de/domainimage/logo-UB-giessen.png","service":{"profile":"http://iiif.io/api/image/2/level2.json","@context":"http://iiif.io/api/image/2/context.json","@id":"https://www.uni-giessen.de/ub/"}},"@context":"http://iiif.io/api/presentation/2/context.json","seeAlso":{"format":"application/xml","@id":"https://digisam.ub.uni-giessen.de/oai?verb=GetRecord&metadataPrefix=mets&identifier=4056909","label":"METS"},"@id":"https://digisam.ub.uni-giessen.de/i3f/v20/4056909/manifest","@type":"sc:Manifest","metadata":[{"value":"Brief von Andreas von L\u00f6wis of Menar an Karl Ernst von Baer, 24.09.1823 [24ten September 1823]","label":"Titel"},{"value":"L\u00f6wis of Menar, Andreas von, L\u00f6wis of Menar, Andreas von","label":"Verfasser"},{"value":"Baer, Karl Ernst von, Baer, Karl Ernst von","label":"Adressat(en)"},{"value":"Ditmar, Woldemar von, Ditmar, Woldemar von","label":"Beteiligt"},{"value":"Ledebour, Carl Friedrich von, Ledebour, Carl Friedrich von","label":"Beteiligt"},{"value":"Eschscholtz, Johann Friedrich von, Eschscholtz, Johann Friedrich von","label":"Beteiligt"},{"value":"Engelhardt, Moritz von, Engelhardt, Moritz von","label":"Beteiligt"},{"value":"Raupach, Karl Eduard, Raupach, Karl Eduard","label":"Beteiligt"},{"value":"Parrot, Friedrich von, Parrot, Friedrich von","label":"Beteiligt"},{"value":"Eichwald, Karl Eduard, Eichwald, Karl Eduard","label":"Beteiligt"},{"value":"Dorpat, 24.9.1823","label":"Entstehung"},{"value":"1 Brief, 1 Blatt (2 beschriebene Seiten), 4\u00b0","label":"Umfang"},{"value":"Deutsch","label":"Sprache"},{"value":"Nachlass Karl Ernst von Baer - 1. Briefe - 1.15 Band 15 - Brief von Andreas von L\u00f6wis of Menar an Karl Ernst von Baer, 14.07.1823-22.11.1837 [14.07.1823-22.11.1837, o.D.]","label":"Serie"},{"value":"Nachl. Baer, Briefe 15, Bl. 9","label":"Signatur"},{"value":"Digitalisat","label":"URL"},{"value":"urn:nbn:de:hebis:26-digisam-152011","label":"URN"}]}