{"viewingHint":"paged","service":[],"structures":[{"ranges":["https://digisam.ub.uni-giessen.de/i3f/v20/394729/range/394730","https://digisam.ub.uni-giessen.de/i3f/v20/394729/range/394732","https://digisam.ub.uni-giessen.de/i3f/v20/394729/range/394734","https://digisam.ub.uni-giessen.de/i3f/v20/394729/range/394736","https://digisam.ub.uni-giessen.de/i3f/v20/394729/range/394738","https://digisam.ub.uni-giessen.de/i3f/v20/394729/range/394740","https://digisam.ub.uni-giessen.de/i3f/v20/394729/range/394742"],"viewingHint":"top","@id":"https://digisam.ub.uni-giessen.de/i3f/v20/394729/range/394729","@type":"sc:Range","label":"Table of Contents"},{"canvases":["https://digisam.ub.uni-giessen.de/i3f/v20/394729/canvas/394731"],"@id":"https://digisam.ub.uni-giessen.de/i3f/v20/394729/range/394730","@type":"sc:Range","label":"Gesamtansicht Vorderseite"},{"canvases":["https://digisam.ub.uni-giessen.de/i3f/v20/394729/canvas/394733"],"@id":"https://digisam.ub.uni-giessen.de/i3f/v20/394729/range/394732","@type":"sc:Range","label":"Gesamtansicht Rueckseite"},{"canvases":["https://digisam.ub.uni-giessen.de/i3f/v20/394729/canvas/394735"],"@id":"https://digisam.ub.uni-giessen.de/i3f/v20/394729/range/394734","@type":"sc:Range","label":"Siegel Avers"},{"canvases":["https://digisam.ub.uni-giessen.de/i3f/v20/394729/canvas/394737"],"@id":"https://digisam.ub.uni-giessen.de/i3f/v20/394729/range/394736","@type":"sc:Range","label":"Siegel Revers"},{"canvases":["https://digisam.ub.uni-giessen.de/i3f/v20/394729/canvas/394739"],"@id":"https://digisam.ub.uni-giessen.de/i3f/v20/394729/range/394738","@type":"sc:Range","label":"Siegel Avers Ma\u00dfstab"},{"canvases":["https://digisam.ub.uni-giessen.de/i3f/v20/394729/canvas/394741"],"@id":"https://digisam.ub.uni-giessen.de/i3f/v20/394729/range/394740","@type":"sc:Range","label":"Siegel Revers Ma\u00dfstab"},{"canvases":["https://digisam.ub.uni-giessen.de/i3f/v20/394729/canvas/394743"],"@id":"https://digisam.ub.uni-giessen.de/i3f/v20/394729/range/394742","@type":"sc:Range","label":"Gesamtansicht Vorderseite Ma\u00dfstab"}],"sequences":[{"canvases":[{"height":1961,"width":3351,"images":[{"resource":{"service":{"profile":"http://iiif.io/api/image/2/level2.json","@context":"http://iiif.io/api/image/2/context.json","@id":"https://digisam.ub.uni-giessen.de/i3f/v20/394731"},"format":"image/jpeg","height":585,"width":1000,"@id":"https://digisam.ub.uni-giessen.de/download/webcache/1000/394731","@type":"dctypes:Image"},"on":"https://digisam.ub.uni-giessen.de/i3f/v20/394729/canvas/394731","motivation":"sc:painting","@id":"https://digisam.ub.uni-giessen.de/i3f/v20/394729/annotation/394731","@type":"oa:Annotation"}],"label":"gesamtansicht-vorderseite","@id":"https://digisam.ub.uni-giessen.de/i3f/v20/394729/canvas/394731","@type":"sc:Canvas"},{"height":2061,"width":3374,"images":[{"resource":{"service":{"profile":"http://iiif.io/api/image/2/level2.json","@context":"http://iiif.io/api/image/2/context.json","@id":"https://digisam.ub.uni-giessen.de/i3f/v20/394733"},"format":"image/jpeg","height":610,"width":1000,"@id":"https://digisam.ub.uni-giessen.de/download/webcache/1000/394733","@type":"dctypes:Image"},"on":"https://digisam.ub.uni-giessen.de/i3f/v20/394729/canvas/394733","motivation":"sc:painting","@id":"https://digisam.ub.uni-giessen.de/i3f/v20/394729/annotation/394733","@type":"oa:Annotation"}],"label":"gesamtansicht-rueckseite","@id":"https://digisam.ub.uni-giessen.de/i3f/v20/394729/canvas/394733","@type":"sc:Canvas"},{"height":2304,"width":3456,"images":[{"resource":{"service":{"profile":"http://iiif.io/api/image/2/level2.json","@context":"http://iiif.io/api/image/2/context.json","@id":"https://digisam.ub.uni-giessen.de/i3f/v20/394735"},"format":"image/jpeg","height":666,"width":1000,"@id":"https://digisam.ub.uni-giessen.de/download/webcache/1000/394735","@type":"dctypes:Image"},"on":"https://digisam.ub.uni-giessen.de/i3f/v20/394729/canvas/394735","motivation":"sc:painting","@id":"https://digisam.ub.uni-giessen.de/i3f/v20/394729/annotation/394735","@type":"oa:Annotation"}],"label":"siegel-avers","@id":"https://digisam.ub.uni-giessen.de/i3f/v20/394729/canvas/394735","@type":"sc:Canvas"},{"height":1311,"width":2762,"images":[{"resource":{"service":{"profile":"http://iiif.io/api/image/2/level2.json","@context":"http://iiif.io/api/image/2/context.json","@id":"https://digisam.ub.uni-giessen.de/i3f/v20/394737"},"format":"image/jpeg","height":474,"width":1000,"@id":"https://digisam.ub.uni-giessen.de/download/webcache/1000/394737","@type":"dctypes:Image"},"on":"https://digisam.ub.uni-giessen.de/i3f/v20/394729/canvas/394737","motivation":"sc:painting","@id":"https://digisam.ub.uni-giessen.de/i3f/v20/394729/annotation/394737","@type":"oa:Annotation"}],"label":"siegel-revers","@id":"https://digisam.ub.uni-giessen.de/i3f/v20/394729/canvas/394737","@type":"sc:Canvas"},{"height":2160,"width":3424,"images":[{"resource":{"service":{"profile":"http://iiif.io/api/image/2/level2.json","@context":"http://iiif.io/api/image/2/context.json","@id":"https://digisam.ub.uni-giessen.de/i3f/v20/394739"},"format":"image/jpeg","height":630,"width":1000,"@id":"https://digisam.ub.uni-giessen.de/download/webcache/1000/394739","@type":"dctypes:Image"},"on":"https://digisam.ub.uni-giessen.de/i3f/v20/394729/canvas/394739","motivation":"sc:painting","@id":"https://digisam.ub.uni-giessen.de/i3f/v20/394729/annotation/394739","@type":"oa:Annotation"}],"label":"siegel-avers-massstab","@id":"https://digisam.ub.uni-giessen.de/i3f/v20/394729/canvas/394739","@type":"sc:Canvas"},{"height":1825,"width":2797,"images":[{"resource":{"service":{"profile":"http://iiif.io/api/image/2/level2.json","@context":"http://iiif.io/api/image/2/context.json","@id":"https://digisam.ub.uni-giessen.de/i3f/v20/394741"},"format":"image/jpeg","height":652,"width":1000,"@id":"https://digisam.ub.uni-giessen.de/download/webcache/1000/394741","@type":"dctypes:Image"},"on":"https://digisam.ub.uni-giessen.de/i3f/v20/394729/canvas/394741","motivation":"sc:painting","@id":"https://digisam.ub.uni-giessen.de/i3f/v20/394729/annotation/394741","@type":"oa:Annotation"}],"label":"siegel-revers-massstab","@id":"https://digisam.ub.uni-giessen.de/i3f/v20/394729/canvas/394741","@type":"sc:Canvas"},{"height":2361,"width":3379,"images":[{"resource":{"service":{"profile":"http://iiif.io/api/image/2/level2.json","@context":"http://iiif.io/api/image/2/context.json","@id":"https://digisam.ub.uni-giessen.de/i3f/v20/394743"},"format":"image/jpeg","height":698,"width":1000,"@id":"https://digisam.ub.uni-giessen.de/download/webcache/1000/394743","@type":"dctypes:Image"},"on":"https://digisam.ub.uni-giessen.de/i3f/v20/394729/canvas/394743","motivation":"sc:painting","@id":"https://digisam.ub.uni-giessen.de/i3f/v20/394729/annotation/394743","@type":"oa:Annotation"}],"label":"gesamtansicht-massstab","@id":"https://digisam.ub.uni-giessen.de/i3f/v20/394729/canvas/394743","@type":"sc:Canvas"}],"viewingHint":"paged","startCanvas":"https://digisam.ub.uni-giessen.de/i3f/v20/394729/canvas/394731","viewingDirection":"left-to-right","label":"Current Page Order","@context":"http://iiif.io/api/presentation/2/context.json","@id":"https://digisam.ub.uni-giessen.de/i3f/v20/394729/sequence/normal","@type":"sc:Sequence"}],"label":"Universit\u00e4tsarchiv Gie\u00dfen, Urkunde 9","thumbnail":{"width":304,"height":177,"@id":"https://digisam.ub.uni-giessen.de/i3f/v21/394731/full/304/0/default.jpg","@type":"dctypes:Image","format":"image/jpeg"},"logo":{"@id":"https://digisam.ub.uni-giessen.de/domainimage/logo-UB-giessen.png","service":{"profile":"http://iiif.io/api/image/2/level2.json","@context":"http://iiif.io/api/image/2/context.json","@id":"https://www.uni-giessen.de/ub/"}},"@context":"http://iiif.io/api/presentation/2/context.json","seeAlso":{"format":"application/xml","@id":"https://digisam.ub.uni-giessen.de/oai?verb=GetRecord&metadataPrefix=mets&identifier=394729","label":"METS"},"@id":"https://digisam.ub.uni-giessen.de/i3f/v20/394729/manifest","@type":"sc:Manifest","metadata":[{"value":"Universit\u00e4tsarchiv Gie\u00dfen, Urkunde 9","label":"Titel"},{"value":"Marburg : Dominikaner [Franziskaner ?], [24. Februar 1366]","label":"Erschienen"},{"value":"1 Blatt","label":"Umfang"},{"value":"B\u00fcrger Matthis Hertwin zu Homberg und seine Frau Hilla verkaufen ihr F\u00fcnftel mit Recht und Zubeh\u00f6r an Gut und Hof im Dorf Krumbach gen. der Waldschmiedehof f\u00fcr bezahlte 16 Mark Pfennige an Emmerich v. Linden und seine Frau Else.","label":"Anmerkung"},{"value":"Latein","label":"Sprache"},{"value":"Urkunden des Universit\u00e4tsarchivs Gie\u00dfen, Regesten","label":"Bibl. Referenz"},{"value":"Ausf\u00fchrliche Beschreibung","label":"URL"},{"value":"Giessen : Universit\u00e4tsbibliothek, [2016]","label":"Online-Ausgabe"},{"value":"urn:nbn:de:hebis:26-digisam-4988","label":"URN"}]}