{"viewingHint":"paged","service":[],"structures":[],"sequences":[{"canvases":[{"height":2365,"width":1572,"images":[{"resource":{"service":{"profile":"http://iiif.io/api/image/2/level2.json","@context":"http://iiif.io/api/image/2/context.json","@id":"https://digisam.ub.uni-giessen.de/i3f/v20/3894621"},"format":"image/jpeg","height":1504,"width":1000,"@id":"https://digisam.ub.uni-giessen.de/download/webcache/1000/3894621","@type":"dctypes:Image"},"on":"https://digisam.ub.uni-giessen.de/i3f/v20/3894620/canvas/3894621","motivation":"sc:painting","@id":"https://digisam.ub.uni-giessen.de/i3f/v20/3894620/annotation/3894621","@type":"oa:Annotation"}],"label":"[1]","@id":"https://digisam.ub.uni-giessen.de/i3f/v20/3894620/canvas/3894621","@type":"sc:Canvas"},{"height":2365,"width":1572,"images":[{"resource":{"service":{"profile":"http://iiif.io/api/image/2/level2.json","@context":"http://iiif.io/api/image/2/context.json","@id":"https://digisam.ub.uni-giessen.de/i3f/v20/3894622"},"format":"image/jpeg","height":1504,"width":1000,"@id":"https://digisam.ub.uni-giessen.de/download/webcache/1000/3894622","@type":"dctypes:Image"},"on":"https://digisam.ub.uni-giessen.de/i3f/v20/3894620/canvas/3894622","motivation":"sc:painting","@id":"https://digisam.ub.uni-giessen.de/i3f/v20/3894620/annotation/3894622","@type":"oa:Annotation"}],"label":"[2]","@id":"https://digisam.ub.uni-giessen.de/i3f/v20/3894620/canvas/3894622","@type":"sc:Canvas"},{"height":2365,"width":1572,"images":[{"resource":{"service":{"profile":"http://iiif.io/api/image/2/level2.json","@context":"http://iiif.io/api/image/2/context.json","@id":"https://digisam.ub.uni-giessen.de/i3f/v20/3894623"},"format":"image/jpeg","height":1504,"width":1000,"@id":"https://digisam.ub.uni-giessen.de/download/webcache/1000/3894623","@type":"dctypes:Image"},"on":"https://digisam.ub.uni-giessen.de/i3f/v20/3894620/canvas/3894623","motivation":"sc:painting","@id":"https://digisam.ub.uni-giessen.de/i3f/v20/3894620/annotation/3894623","@type":"oa:Annotation"}],"label":"[3]","@id":"https://digisam.ub.uni-giessen.de/i3f/v20/3894620/canvas/3894623","@type":"sc:Canvas"}],"viewingHint":"paged","startCanvas":"https://digisam.ub.uni-giessen.de/i3f/v20/3894620/canvas/3894621","viewingDirection":"left-to-right","label":"Current Page Order","@context":"http://iiif.io/api/presentation/2/context.json","@id":"https://digisam.ub.uni-giessen.de/i3f/v20/3894620/sequence/normal","@type":"sc:Sequence"}],"label":"Brief von Michael Friedl\u00e4nder an Karl Ernst von Baer, 14.12.1823 [14. Xber 1823]","thumbnail":{"width":304,"height":457,"@id":"https://digisam.ub.uni-giessen.de/i3f/v21/3894621/full/304/0/default.jpg","@type":"dctypes:Image","format":"image/jpeg"},"logo":{"@id":"https://digisam.ub.uni-giessen.de/domainimage/logo-UB-giessen.png","service":{"profile":"http://iiif.io/api/image/2/level2.json","@context":"http://iiif.io/api/image/2/context.json","@id":"https://www.uni-giessen.de/ub/"}},"@context":"http://iiif.io/api/presentation/2/context.json","seeAlso":{"format":"application/xml","@id":"https://digisam.ub.uni-giessen.de/oai?verb=GetRecord&metadataPrefix=mets&identifier=3894620","label":"METS"},"@id":"https://digisam.ub.uni-giessen.de/i3f/v20/3894620/manifest","@type":"sc:Manifest","metadata":[{"value":"Brief von Michael Friedl\u00e4nder an Karl Ernst von Baer, 14.12.1823 [14. Xber 1823]","label":"Titel"},{"value":"Friedl\u00e4nder, Michael, Friedl\u00e4nder, Michael","label":"Verfasser"},{"value":"Baer, Karl Ernst von, Baer, Karl Ernst von","label":"Adressat(en)"},{"value":"Brongniart, Adolphe Th\u00e9odore, Brongniart, Adolphe Th\u00e9odore","label":"Beteiligt"},{"value":"Audouin, Jean Victor, Audouin, Jean Victor","label":"Beteiligt"},{"value":"Cuvier, Georges, Cuvier, Georges","label":"Beteiligt"},{"value":"Neumann, Franz Ernst, Neumann, Franz Ernst","label":"Beteiligt"},{"value":"Bujack, Johann Gottlieb, Bujack, Johann Gottlieb","label":"Beteiligt"},{"value":"Paris, 14.12.1823","label":"Entstehung"},{"value":"1 Briefe, 1 Blatt (1 beschriebene Seite, Adresse verso, Siegel), 8\u00b0","label":"Umfang"},{"value":"Deutsch","label":"Sprache"},{"value":"Nachlass Karl Ernst von Baer - 1. Briefe - 1.8 Band 8 - Brief von Michael Friedl\u00e4nder an Karl Ernst von Baer, 19.09.1823-14.12.1823 [19.09.1823-14.12.1823]","label":"Serie"},{"value":"Nachl. Baer, Briefe 8, Bl. 38","label":"Signatur"},{"value":"Digitalisat","label":"URL"},{"value":"urn:nbn:de:hebis:26-digisam-133658","label":"URN"}]}