{"viewingHint":"paged","service":[{"profile":"http://iiif.io/api/search/1/search","@context":"http://iiif.io/api/search/1/context.json","@id":"https://digisam.ub.uni-giessen.de/i3f/manifest/2986137/search","label":"Search within this manifest"}],"structures":[{"ranges":["https://digisam.ub.uni-giessen.de/i3f/v20/2986137/range/2986137"],"viewingHint":"top","@id":"https://digisam.ub.uni-giessen.de/i3f/v20/2986137/range/3048233","@type":"sc:Range","label":"Table of Contents"},{"canvases":["https://digisam.ub.uni-giessen.de/i3f/v20/2986137/canvas/2986138","https://digisam.ub.uni-giessen.de/i3f/v20/2986137/canvas/2986139","https://digisam.ub.uni-giessen.de/i3f/v20/2986137/canvas/2986140","https://digisam.ub.uni-giessen.de/i3f/v20/2986137/canvas/2986141"],"@id":"https://digisam.ub.uni-giessen.de/i3f/v20/2986137/range/2986137","@type":"sc:Range","label":"1846"}],"sequences":[{"canvases":[{"height":2211,"width":1710,"images":[{"resource":{"service":{"profile":"http://iiif.io/api/image/2/level2.json","@context":"http://iiif.io/api/image/2/context.json","@id":"https://digisam.ub.uni-giessen.de/i3f/v20/2986138"},"format":"image/jpeg","height":1292,"width":1000,"@id":"https://digisam.ub.uni-giessen.de/download/webcache/1000/2986138","@type":"dctypes:Image"},"on":"https://digisam.ub.uni-giessen.de/i3f/v20/2986137/canvas/2986138","motivation":"sc:painting","@id":"https://digisam.ub.uni-giessen.de/i3f/v20/2986137/annotation/2986138","@type":"oa:Annotation"}],"label":"[1]","@id":"https://digisam.ub.uni-giessen.de/i3f/v20/2986137/canvas/2986138","@type":"sc:Canvas"},{"height":2211,"width":1751,"images":[{"resource":{"service":{"profile":"http://iiif.io/api/image/2/level2.json","@context":"http://iiif.io/api/image/2/context.json","@id":"https://digisam.ub.uni-giessen.de/i3f/v20/2986139"},"format":"image/jpeg","height":1262,"width":1000,"@id":"https://digisam.ub.uni-giessen.de/download/webcache/1000/2986139","@type":"dctypes:Image"},"on":"https://digisam.ub.uni-giessen.de/i3f/v20/2986137/canvas/2986139","motivation":"sc:painting","@id":"https://digisam.ub.uni-giessen.de/i3f/v20/2986137/annotation/2986139","@type":"oa:Annotation"}],"label":"[2]","@id":"https://digisam.ub.uni-giessen.de/i3f/v20/2986137/canvas/2986139","@type":"sc:Canvas"},{"height":2211,"width":1751,"images":[{"resource":{"service":{"profile":"http://iiif.io/api/image/2/level2.json","@context":"http://iiif.io/api/image/2/context.json","@id":"https://digisam.ub.uni-giessen.de/i3f/v20/2986140"},"format":"image/jpeg","height":1262,"width":1000,"@id":"https://digisam.ub.uni-giessen.de/download/webcache/1000/2986140","@type":"dctypes:Image"},"on":"https://digisam.ub.uni-giessen.de/i3f/v20/2986137/canvas/2986140","motivation":"sc:painting","@id":"https://digisam.ub.uni-giessen.de/i3f/v20/2986137/annotation/2986140","@type":"oa:Annotation"}],"label":"[3]","@id":"https://digisam.ub.uni-giessen.de/i3f/v20/2986137/canvas/2986140","@type":"sc:Canvas"},{"height":2211,"width":1751,"images":[{"resource":{"service":{"profile":"http://iiif.io/api/image/2/level2.json","@context":"http://iiif.io/api/image/2/context.json","@id":"https://digisam.ub.uni-giessen.de/i3f/v20/2986141"},"format":"image/jpeg","height":1262,"width":1000,"@id":"https://digisam.ub.uni-giessen.de/download/webcache/1000/2986141","@type":"dctypes:Image"},"on":"https://digisam.ub.uni-giessen.de/i3f/v20/2986137/canvas/2986141","motivation":"sc:painting","@id":"https://digisam.ub.uni-giessen.de/i3f/v20/2986137/annotation/2986141","@type":"oa:Annotation"}],"label":"[4]","@id":"https://digisam.ub.uni-giessen.de/i3f/v20/2986137/canvas/2986141","@type":"sc:Canvas"}],"viewingHint":"paged","startCanvas":"https://digisam.ub.uni-giessen.de/i3f/v20/2986137/canvas/2986138","viewingDirection":"left-to-right","label":"Current Page Order","@context":"http://iiif.io/api/presentation/2/context.json","@id":"https://digisam.ub.uni-giessen.de/i3f/v20/2986137/sequence/normal","@type":"sc:Sequence"}],"label":"Einladung zu dem \u00f6ffentlichen Redeact des Gymnasiums in B\u00fcdingen: 1846","thumbnail":{"width":304,"height":393,"@id":"https://digisam.ub.uni-giessen.de/i3f/v21/2986138/full/304/0/default.jpg","@type":"dctypes:Image","format":"image/jpeg"},"logo":{"@id":"https://digisam.ub.uni-giessen.de/domainimage/logo-UB-giessen.png","service":{"profile":"http://iiif.io/api/image/2/level2.json","@context":"http://iiif.io/api/image/2/context.json","@id":"https://www.uni-giessen.de/ub/"}},"@context":"http://iiif.io/api/presentation/2/context.json","seeAlso":{"format":"application/xml","@id":"https://digisam.ub.uni-giessen.de/oai?verb=GetRecord&metadataPrefix=mets&identifier=2986137","label":"METS"},"@id":"https://digisam.ub.uni-giessen.de/i3f/v20/2986137/manifest","@type":"sc:Manifest","metadata":[{"value":"Einladung zu dem \u00f6ffentlichen Redeact des Gymnasiums in B\u00fcdingen : an alle G\u00f6nner und Freunde der Anstalt","label":"Gesamttitel"},{"value":"1846","label":"Jahrgang"},{"value":"urn:nbn:de:hebis:26-digisam-12507","label":"URN"}]}