{"viewingHint":"paged","service":[{"profile":"http://iiif.io/api/search/1/search","@context":"http://iiif.io/api/search/1/context.json","@id":"https://digisam.ub.uni-giessen.de/i3f/manifest/2877728/search","label":"Search within this manifest"}],"structures":[{"ranges":["https://digisam.ub.uni-giessen.de/i3f/v20/2877728/range/2877728"],"viewingHint":"top","@id":"https://digisam.ub.uni-giessen.de/i3f/v20/2877728/range/3048233","@type":"sc:Range","label":"Table of Contents"},{"canvases":["https://digisam.ub.uni-giessen.de/i3f/v20/2877728/canvas/2877729","https://digisam.ub.uni-giessen.de/i3f/v20/2877728/canvas/2877730","https://digisam.ub.uni-giessen.de/i3f/v20/2877728/canvas/2877731","https://digisam.ub.uni-giessen.de/i3f/v20/2877728/canvas/2877732"],"@id":"https://digisam.ub.uni-giessen.de/i3f/v20/2877728/range/2877728","@type":"sc:Range","label":"Diem sanctum quo XXV abhinc annis Gymnasium Budingense magni ducis Hassiae et ad Rhenum gratia de integro constitutum est kalendis maiis A. MDCCCXLVII omni qua par est observantia et pietate celebrandum indicit"}],"sequences":[{"canvases":[{"height":2224,"width":1711,"images":[{"resource":{"service":{"profile":"http://iiif.io/api/image/2/level2.json","@context":"http://iiif.io/api/image/2/context.json","@id":"https://digisam.ub.uni-giessen.de/i3f/v20/2877729"},"format":"image/jpeg","height":1299,"width":1000,"@id":"https://digisam.ub.uni-giessen.de/download/webcache/1000/2877729","@type":"dctypes:Image"},"on":"https://digisam.ub.uni-giessen.de/i3f/v20/2877728/canvas/2877729","motivation":"sc:painting","@id":"https://digisam.ub.uni-giessen.de/i3f/v20/2877728/annotation/2877729","@type":"oa:Annotation"}],"label":"[1]","@id":"https://digisam.ub.uni-giessen.de/i3f/v20/2877728/canvas/2877729","@type":"sc:Canvas"},{"height":2224,"width":1725,"images":[{"resource":{"service":{"profile":"http://iiif.io/api/image/2/level2.json","@context":"http://iiif.io/api/image/2/context.json","@id":"https://digisam.ub.uni-giessen.de/i3f/v20/2877730"},"format":"image/jpeg","height":1289,"width":1000,"@id":"https://digisam.ub.uni-giessen.de/download/webcache/1000/2877730","@type":"dctypes:Image"},"on":"https://digisam.ub.uni-giessen.de/i3f/v20/2877728/canvas/2877730","motivation":"sc:painting","@id":"https://digisam.ub.uni-giessen.de/i3f/v20/2877728/annotation/2877730","@type":"oa:Annotation"}],"label":"[2]","@id":"https://digisam.ub.uni-giessen.de/i3f/v20/2877728/canvas/2877730","@type":"sc:Canvas"},{"height":2224,"width":1725,"images":[{"resource":{"service":{"profile":"http://iiif.io/api/image/2/level2.json","@context":"http://iiif.io/api/image/2/context.json","@id":"https://digisam.ub.uni-giessen.de/i3f/v20/2877731"},"format":"image/jpeg","height":1289,"width":1000,"@id":"https://digisam.ub.uni-giessen.de/download/webcache/1000/2877731","@type":"dctypes:Image"},"on":"https://digisam.ub.uni-giessen.de/i3f/v20/2877728/canvas/2877731","motivation":"sc:painting","@id":"https://digisam.ub.uni-giessen.de/i3f/v20/2877728/annotation/2877731","@type":"oa:Annotation"}],"label":"[3]","@id":"https://digisam.ub.uni-giessen.de/i3f/v20/2877728/canvas/2877731","@type":"sc:Canvas"},{"height":2225,"width":1725,"images":[{"resource":{"service":{"profile":"http://iiif.io/api/image/2/level2.json","@context":"http://iiif.io/api/image/2/context.json","@id":"https://digisam.ub.uni-giessen.de/i3f/v20/2877732"},"format":"image/jpeg","height":1289,"width":1000,"@id":"https://digisam.ub.uni-giessen.de/download/webcache/1000/2877732","@type":"dctypes:Image"},"on":"https://digisam.ub.uni-giessen.de/i3f/v20/2877728/canvas/2877732","motivation":"sc:painting","@id":"https://digisam.ub.uni-giessen.de/i3f/v20/2877728/annotation/2877732","@type":"oa:Annotation"}],"label":"[4]","@id":"https://digisam.ub.uni-giessen.de/i3f/v20/2877728/canvas/2877732","@type":"sc:Canvas"}],"viewingHint":"paged","startCanvas":"https://digisam.ub.uni-giessen.de/i3f/v20/2877728/canvas/2877729","viewingDirection":"left-to-right","label":"Current Page Order","@context":"http://iiif.io/api/presentation/2/context.json","@id":"https://digisam.ub.uni-giessen.de/i3f/v20/2877728/sequence/normal","@type":"sc:Sequence"}],"label":"Einladung zu dem \u00f6ffentlichen Redeact des Gymnasiums in B\u00fcdingen: Diem sanctum quo XXV abhinc annis Gymnasium Budingense magni ducis Hassiae et ad Rhenum gratia de integro constitutum est kalendis maiis A. MDCCCXLVII omni qua par est observantia et pietate celebrandum indicit","thumbnail":{"width":304,"height":395,"@id":"https://digisam.ub.uni-giessen.de/i3f/v21/2877729/full/304/0/default.jpg","@type":"dctypes:Image","format":"image/jpeg"},"logo":{"@id":"https://digisam.ub.uni-giessen.de/domainimage/logo-UB-giessen.png","service":{"profile":"http://iiif.io/api/image/2/level2.json","@context":"http://iiif.io/api/image/2/context.json","@id":"https://www.uni-giessen.de/ub/"}},"@context":"http://iiif.io/api/presentation/2/context.json","seeAlso":{"format":"application/xml","@id":"https://digisam.ub.uni-giessen.de/oai?verb=GetRecord&metadataPrefix=mets&identifier=2877728","label":"METS"},"@id":"https://digisam.ub.uni-giessen.de/i3f/v20/2877728/manifest","@type":"sc:Manifest","metadata":[{"value":"Diem sanctum quo XXV abhinc annis Gymnasium Budingense magni ducis Hassiae et ad Rhenum gratia de integro constitutum est kalendis maiis A. MDCCCXLVII omni qua par est observantia et pietate celebrandum indicit / Georgius Haupt","label":"Titel"},{"value":"Haupt, Georg","label":"Verfasser"},{"value":"Zimmermann, Friedrich","label":"Verfasser"},{"value":"Einladung zu dem \u00f6ffentlichen Redeact des Gymnasiums in B\u00fcdingen : an alle G\u00f6nner und Freunde der Anstalt, (1846-)","label":"Enthalten in"},{"value":"Gissae : Lichtenberger, 1847","label":"Erschienen"},{"value":"48 S.","label":"Umfang"},{"value":"Enth.:  G. Hauptii commentatio de lege, quam ad poetas comicos pertinuisse ferunt, annali. Fr. Zimmermanni observationes aliquot Sophocleae","label":"Anmerkung"},{"value":"Latein","label":"Sprache"},{"value":"urn:nbn:de:hebis:26-digisam-4674","label":"URN"}]}