{"viewingHint":"paged","service":[{"profile":"http://iiif.io/api/search/1/search","@context":"http://iiif.io/api/search/1/context.json","@id":"https://digisam.ub.uni-giessen.de/i3f/manifest/1389845/search","label":"Search within this manifest"}],"structures":[{"ranges":["https://digisam.ub.uni-giessen.de/i3f/v20/1389845/range/1389213"],"viewingHint":"top","@id":"https://digisam.ub.uni-giessen.de/i3f/v20/1389845/range/1223822","@type":"sc:Range","label":"Table of Contents"},{"canvases":["https://digisam.ub.uni-giessen.de/i3f/v20/1389845/canvas/1391207","https://digisam.ub.uni-giessen.de/i3f/v20/1389845/canvas/1391208"],"ranges":["https://digisam.ub.uni-giessen.de/i3f/v20/1389845/range/4445911","https://digisam.ub.uni-giessen.de/i3f/v20/1389845/range/3266576","https://digisam.ub.uni-giessen.de/i3f/v20/1389845/range/3266774","https://digisam.ub.uni-giessen.de/i3f/v20/1389845/range/1389214","https://digisam.ub.uni-giessen.de/i3f/v20/1389845/range/1389338","https://digisam.ub.uni-giessen.de/i3f/v20/1389845/range/1389519","https://digisam.ub.uni-giessen.de/i3f/v20/1389845/range/1389735"],"@id":"https://digisam.ub.uni-giessen.de/i3f/v20/1389845/range/1389213","@type":"sc:Range","label":"Kreisblatt f\u00fcr den Kreis Gie\u00dfen"},{"canvases":["https://digisam.ub.uni-giessen.de/i3f/v20/1389845/canvas/1391207","https://digisam.ub.uni-giessen.de/i3f/v20/1389845/canvas/1391208"],"ranges":["https://digisam.ub.uni-giessen.de/i3f/v20/1389845/range/1389736","https://digisam.ub.uni-giessen.de/i3f/v20/1389845/range/1389747","https://digisam.ub.uni-giessen.de/i3f/v20/1389845/range/1389757","https://digisam.ub.uni-giessen.de/i3f/v20/1389845/range/1389769","https://digisam.ub.uni-giessen.de/i3f/v20/1389845/range/1389786","https://digisam.ub.uni-giessen.de/i3f/v20/1389845/range/1389799","https://digisam.ub.uni-giessen.de/i3f/v20/1389845/range/1389813","https://digisam.ub.uni-giessen.de/i3f/v20/1389845/range/1389829","https://digisam.ub.uni-giessen.de/i3f/v20/1389845/range/1389839","https://digisam.ub.uni-giessen.de/i3f/v20/1389845/range/1389851","https://digisam.ub.uni-giessen.de/i3f/v20/1389845/range/1389864","https://digisam.ub.uni-giessen.de/i3f/v20/1389845/range/1389870"],"@id":"https://digisam.ub.uni-giessen.de/i3f/v20/1389845/range/1389735","@type":"sc:Range","label":"1918"},{"canvases":["https://digisam.ub.uni-giessen.de/i3f/v20/1389845/canvas/1391207","https://digisam.ub.uni-giessen.de/i3f/v20/1389845/canvas/1391208"],"ranges":["https://digisam.ub.uni-giessen.de/i3f/v20/1389845/range/1389840","https://digisam.ub.uni-giessen.de/i3f/v20/1389845/range/1389841","https://digisam.ub.uni-giessen.de/i3f/v20/1389845/range/1389842","https://digisam.ub.uni-giessen.de/i3f/v20/1389845/range/1389843","https://digisam.ub.uni-giessen.de/i3f/v20/1389845/range/1389844","https://digisam.ub.uni-giessen.de/i3f/v20/1389845/range/1389845","https://digisam.ub.uni-giessen.de/i3f/v20/1389845/range/1389846","https://digisam.ub.uni-giessen.de/i3f/v20/1389845/range/1389847","https://digisam.ub.uni-giessen.de/i3f/v20/1389845/range/1389848","https://digisam.ub.uni-giessen.de/i3f/v20/1389845/range/1389849","https://digisam.ub.uni-giessen.de/i3f/v20/1389845/range/1389850"],"@id":"https://digisam.ub.uni-giessen.de/i3f/v20/1389845/range/1389839","@type":"sc:Range","label":"9.1918"},{"canvases":["https://digisam.ub.uni-giessen.de/i3f/v20/1389845/canvas/1391207","https://digisam.ub.uni-giessen.de/i3f/v20/1389845/canvas/1391208"],"@id":"https://digisam.ub.uni-giessen.de/i3f/v20/1389845/range/1389845","@type":"sc:Range","label":"16.9.1918"}],"sequences":[{"canvases":[{"height":2843,"width":2212,"images":[{"resource":{"service":{"profile":"http://iiif.io/api/image/2/level2.json","@context":"http://iiif.io/api/image/2/context.json","@id":"https://digisam.ub.uni-giessen.de/i3f/v20/1391207"},"format":"image/jpeg","height":1285,"width":1000,"@id":"https://digisam.ub.uni-giessen.de/download/webcache/1000/1391207","@type":"dctypes:Image"},"on":"https://digisam.ub.uni-giessen.de/i3f/v20/1389845/canvas/1391207","motivation":"sc:painting","@id":"https://digisam.ub.uni-giessen.de/i3f/v20/1389845/annotation/1391207","@type":"oa:Annotation"}],"label":"1","@id":"https://digisam.ub.uni-giessen.de/i3f/v20/1389845/canvas/1391207","@type":"sc:Canvas"},{"height":2843,"width":2212,"images":[{"resource":{"service":{"profile":"http://iiif.io/api/image/2/level2.json","@context":"http://iiif.io/api/image/2/context.json","@id":"https://digisam.ub.uni-giessen.de/i3f/v20/1391208"},"format":"image/jpeg","height":1285,"width":1000,"@id":"https://digisam.ub.uni-giessen.de/download/webcache/1000/1391208","@type":"dctypes:Image"},"on":"https://digisam.ub.uni-giessen.de/i3f/v20/1389845/canvas/1391208","motivation":"sc:painting","@id":"https://digisam.ub.uni-giessen.de/i3f/v20/1389845/annotation/1391208","@type":"oa:Annotation"}],"label":"2","@id":"https://digisam.ub.uni-giessen.de/i3f/v20/1389845/canvas/1391208","@type":"sc:Canvas"}],"viewingHint":"paged","startCanvas":"https://digisam.ub.uni-giessen.de/i3f/v20/1389845/canvas/1391207","viewingDirection":"left-to-right","label":"Current Page Order","@context":"http://iiif.io/api/presentation/2/context.json","@id":"https://digisam.ub.uni-giessen.de/i3f/v20/1389845/sequence/normal","@type":"sc:Sequence"}],"label":"Gie\u00dfener Anzeiger. 1868-1943: Kreisblatt f\u00fcr den Kreis Gie\u00dfen, 1918, 9.1918, 16.9.1918","thumbnail":{"width":304,"height":390,"@id":"https://digisam.ub.uni-giessen.de/i3f/v21/1391207/full/304/0/default.jpg","@type":"dctypes:Image","format":"image/jpeg"},"logo":{"@id":"https://digisam.ub.uni-giessen.de/domainimage/logo-UB-giessen.png","service":{"profile":"http://iiif.io/api/image/2/level2.json","@context":"http://iiif.io/api/image/2/context.json","@id":"https://www.uni-giessen.de/ub/"}},"@context":"http://iiif.io/api/presentation/2/context.json","seeAlso":{"format":"application/xml","@id":"https://digisam.ub.uni-giessen.de/oai?verb=GetRecord&metadataPrefix=mets&identifier=1389845","label":"METS"},"@id":"https://digisam.ub.uni-giessen.de/i3f/v20/1389845/manifest","@type":"sc:Manifest","metadata":[{"value":"Gie\u00dfener Anzeiger : General-Anzeiger f\u00fcr Oberhessen","label":"Gesamttitel"},{"value":"16.9.1918","label":"Ausgabe"}]}